{"id":207422,"date":"2022-12-06T19:10:52","date_gmt":"2022-12-06T22:10:52","guid":{"rendered":"https:\/\/diarioregionaldigital.com.br\/?p=207422"},"modified":"2022-12-06T19:10:52","modified_gmt":"2022-12-06T22:10:52","slug":"custo-da-cesta-basica-aumenta-em-12-capitais-pesquisadas-pelo-dieese","status":"publish","type":"post","link":"https:\/\/diarioregionaldigital.com.br\/?p=207422","title":{"rendered":"Custo da cesta b\u00e1sica aumenta em 12 capitais pesquisadas pelo Dieese"},"content":{"rendered":"<p>O custo da cesta b\u00e1sica de alimentos aumentou em novembro em 12 das 17 capitais onde o Departamento Intersindical de Estat\u00edstica e Estudos Socioecon\u00f4micos (Dieese) realiza a Pesquisa Nacional da Cesta B\u00e1sica de Alimentos.<img decoding=\"async\" src=\"https:\/\/agenciabrasil.ebc.com.br\/ebc.png?id=1497029&amp;o=node\" \/><img decoding=\"async\" src=\"https:\/\/agenciabrasil.ebc.com.br\/ebc.gif?id=1497029&amp;o=node\" \/><\/p>\n<p>Entre outubro e novembro, as altas mais expressivas ocorreram em Belo Horizonte (4,68%), Florian\u00f3polis (2,96%), S\u00e3o Paulo (2,69%) e Goi\u00e2nia (2,03%). J\u00e1 as redu\u00e7\u00f5es ocorreram em Salvador (-2,12%), Jo\u00e3o Pessoa (-1,28%), Recife (-1,27%),\u00a0Natal\u00a0(-1,12%) e Aracaju (-0,69%).<\/p>\n<p>Segundo a pesquisa, S\u00e3o Paulo foi a capital onde a cesta b\u00e1sica teve o maior custo em novembro (R$ 782,68), seguida por Porto Alegre (R$ 781,52), Florian\u00f3polis (R$ 776,14), Rio\u00a0de Janeiro\u00a0(R$ 749,25) e Campo Grande (R$ 738,53). Nas cidades do Norte e do Nordeste, onde a composi\u00e7\u00e3o da cesta \u00e9 diferente, os menores valores m\u00e9dios foram registrados em Aracaju (R$ 511,97), Salvador (R$ 550,67), Recife (R$ 551,30) e Jo\u00e3o Pessoa (R$ 552,43).<\/p>\n<p>Na compara\u00e7\u00e3o com\u00a0novembro\u00a0do ano passado,\u00a0todas as capitais pesquisadas tiveram alta de pre\u00e7o, com varia\u00e7\u00f5es que oscilaram entre 5,06%, em Recife, e 16,54%, em Belo Horizonte.<\/p>\n<p>A pesquisa indicou ainda que, em novembro, o sal\u00e1rio m\u00ednimo necess\u00e1rio para a manuten\u00e7\u00e3o de uma fam\u00edlia de quatro pessoas deveria ser de R$ 6.575,30, ou 5,43 vezes o m\u00ednimo de R$ 1.212,00. Em outubro, o valor necess\u00e1rio era de R$ 6.458,86 e correspondeu a 5,33 vezes o piso m\u00ednimo. Em novembro de 2021, o valor do m\u00ednimo necess\u00e1rio deveria\u00a0ter\u00a0ficado em R$ 5.969,17, ou 5,43 vezes o valor vigente na \u00e9poca, de R$ 1.100,00.<\/p>\n<h2>Produtos<\/h2>\n<p>De acordo com a pesquisa, entre os produtos cujos pre\u00e7os aumentaram em 13 das 17 capitais pesquisadas est\u00e3o o tomate, com taxas que oscilaram entre 3,85%, em\u00a0Natal, e 27,86%, em Belo Horizonte. O pre\u00e7o do produto caiu em Aracaju (-7,96%), Salvador (-3,85%), Jo\u00e3o Pessoa ( -2,28%) e Recife (-0,94%).<\/p>\n<p>Em 12 meses, 14 cidades tiveram redu\u00e7\u00e3o do pre\u00e7o do fruto, com destaque para\u00a0Natal\u00a0(-33,93%), Fortaleza (-29,45%) e Aracaju (-29,04%). A oferta foi menor por causa do fim dos frutos na safra de inverno e ao clima ameno.<\/p>\n<p>Entre outubro e novembro, o valor do quilo do feij\u00e3o carioquinha diminuiu em em quase todas as cidades, com os valores variando entre -4,22%, em Belo Horizonte, e -0,99%, em Campo Grande. As altas foram observadas em Fortaleza (0,22%) e Bel\u00e9m (1,04%).<\/p>\n<p>Em 12 meses, todas as capitais registraram eleva\u00e7\u00f5es, com destaque para Goi\u00e2nia (27,46%) e Fortaleza (21,47%). O pre\u00e7o do feij\u00e3o preto aumentou em Florian\u00f3polis (0,85%) e Curitiba (1,92%) e diminuiu em Porto Alegre (-1,96%), Vit\u00f3ria (-1,80%) e Rio\u00a0de Janeiro\u00a0(-1,15%). Em 12 meses, os valores recuaram em todas as cidades, com destaque para Florian\u00f3polis (-17,91%) e Vit\u00f3ria (-17,81%).<\/p>\n<p>A batata aumentou em nove das 10 cidades onde \u00e9 pesquisada, com as altas mais expressivas em Belo Horizonte (16,75%), Florian\u00f3polis (13,97%), S\u00e3o Paulo (13,13%) e Porto Alegre (11,92%). Em 12 meses, todas as cidades apresentaram taxas positivas, com destaque para Belo<\/p>\n<p>Horizonte (55,41%), S\u00e3o Paulo (44,11%) e Florian\u00f3polis (35,40%).<\/p>\n<p>O pre\u00e7o do caf\u00e9 em p\u00f3 diminuiu em 15 das 17 cidades, com as quedas oscilando entre -1,84%, em Porto Alegre, e -0,16%, em Campo Grande. Em\u00a0Natal\u00a0(0,20%) e Bel\u00e9m (0,28%), houve eleva\u00e7\u00e3o nos pre\u00e7os. Em 12 meses, o valor do caf\u00e9 subiu em todas as capitais, com destaque para Recife (51,07%) e S\u00e3o Paulo (40,13%).<\/p>\n<p>O leite integral teve queda no seu pre\u00e7o em todas as capitais, oscilando entre -9,94%, em\u00a0Natal, e -0,34%, em Campo Grande. Em 12 meses, o valor m\u00e9dio do leite acumulou alta em todas as cidades, com taxas entre 24,42%, em Bel\u00e9m, e 43,25%, em Recife.<\/p>\n<p><span style=\"font-weight: 400;\">Fonte: Ag\u00eancia Brasil <\/span><\/p>\n","protected":false},"excerpt":{"rendered":"<p>O custo da cesta b\u00e1sica de alimentos aumentou em novembro em 12 das 17 capitais onde o Departamento Intersindical de Estat\u00edstica e Estudos Socioecon\u00f4micos (Dieese) realiza a Pesquisa Nacional da Cesta B\u00e1sica de Alimentos. Entre outubro e novembro, as altas mais expressivas ocorreram em Belo Horizonte (4,68%), Florian\u00f3polis (2,96%), S\u00e3o Paulo (2,69%) e Goi\u00e2nia (2,03%). [&hellip;]<\/p>\n","protected":false},"author":246,"featured_media":207423,"comment_status":"closed","ping_status":"closed","sticky":false,"template":"","format":"standard","meta":{"footnotes":""},"categories":[436,440,261,439],"tags":[],"class_list":["post-207422","post","type-post","status-publish","format-standard","has-post-thumbnail","hentry","category-destaque-da-semana","category-destaques-do-dia","category-economia","category-ultima-hora"],"_links":{"self":[{"href":"https:\/\/diarioregionaldigital.com.br\/index.php?rest_route=\/wp\/v2\/posts\/207422","targetHints":{"allow":["GET"]}}],"collection":[{"href":"https:\/\/diarioregionaldigital.com.br\/index.php?rest_route=\/wp\/v2\/posts"}],"about":[{"href":"https:\/\/diarioregionaldigital.com.br\/index.php?rest_route=\/wp\/v2\/types\/post"}],"author":[{"embeddable":true,"href":"https:\/\/diarioregionaldigital.com.br\/index.php?rest_route=\/wp\/v2\/users\/246"}],"replies":[{"embeddable":true,"href":"https:\/\/diarioregionaldigital.com.br\/index.php?rest_route=%2Fwp%2Fv2%2Fcomments&post=207422"}],"version-history":[{"count":2,"href":"https:\/\/diarioregionaldigital.com.br\/index.php?rest_route=\/wp\/v2\/posts\/207422\/revisions"}],"predecessor-version":[{"id":207425,"href":"https:\/\/diarioregionaldigital.com.br\/index.php?rest_route=\/wp\/v2\/posts\/207422\/revisions\/207425"}],"wp:featuredmedia":[{"embeddable":true,"href":"https:\/\/diarioregionaldigital.com.br\/index.php?rest_route=\/wp\/v2\/media\/207423"}],"wp:attachment":[{"href":"https:\/\/diarioregionaldigital.com.br\/index.php?rest_route=%2Fwp%2Fv2%2Fmedia&parent=207422"}],"wp:term":[{"taxonomy":"category","embeddable":true,"href":"https:\/\/diarioregionaldigital.com.br\/index.php?rest_route=%2Fwp%2Fv2%2Fcategories&post=207422"},{"taxonomy":"post_tag","embeddable":true,"href":"https:\/\/diarioregionaldigital.com.br\/index.php?rest_route=%2Fwp%2Fv2%2Ftags&post=207422"}],"curies":[{"name":"wp","href":"https:\/\/api.w.org\/{rel}","templated":true}]}}