{"id":207406,"date":"2022-12-05T14:59:07","date_gmt":"2022-12-05T17:59:07","guid":{"rendered":"https:\/\/diarioregionaldigital.com.br\/?p=207406"},"modified":"2022-12-05T14:59:07","modified_gmt":"2022-12-05T17:59:07","slug":"pjf-avanca-com-remodelacao-de-260-metros-de-redes-de-agua-no-bairro-eldorado","status":"publish","type":"post","link":"https:\/\/diarioregionaldigital.com.br\/?p=207406","title":{"rendered":"PJF avan\u00e7a com remodela\u00e7\u00e3o de 260 metros de redes de \u00e1gua no bairro Eldorado"},"content":{"rendered":"<p>Segundo informa\u00e7\u00f5es do site da Prefeitura de Juiz de Fora (PJF), no final de novembro, a<strong>\u00a0<\/strong>Prefeitura de Juiz de Fora (PJF) deu in\u00edcio \u00e0 remodela\u00e7\u00e3o de cem metros da rede de \u00e1gua da Rua Queluz, no bairro Eldorado. Agora, uma nova frente de trabalho atua tamb\u00e9m na Rua Jo\u00e3o Alexandre, onde ser\u00e3o substitu\u00eddos mais 160 metros de tubula\u00e7\u00f5es. At\u00e9 meados de dezembro, as duas vias receber\u00e3o novos tubos de PVC, com 60 mil\u00edmetros de di\u00e2metro, que ir\u00e3o aumentar a vida \u00fatil do sistema e reduzir a necessidade de manuten\u00e7\u00f5es.<\/p>\n<p>Durante esse per\u00edodo, o tr\u00e2nsito na Rua Jo\u00e3o Alexandre estar\u00e1 parcialmente interditado, de segunda a sexta-feira, de 8h \u00e0s 17h. Desta forma, a Companhia de Saneamento Municipal (Cesama) pede aos moradores que, se poss\u00edvel, retirem seus ve\u00edculos da via antes do in\u00edcio dos servi\u00e7os.<\/p>\n<p>As a\u00e7\u00f5es de remodela\u00e7\u00e3o de redes de \u00e1gua s\u00e3o realizadas ao longo do ano, seguindo uma programa\u00e7\u00e3o de prioridades, quando \u00e9 avaliada a necessidade de troca da tubula\u00e7\u00e3o. A an\u00e1lise leva em conta a antiguidade e o desgaste do material, o fato de o dimensionamento da rede j\u00e1 n\u00e3o ser compat\u00edvel com o n\u00famero de im\u00f3veis atendidos e os transtornos causados aos usu\u00e1rios do sistema, al\u00e9m dos custos de manuten\u00e7\u00e3o.<\/p>\n","protected":false},"excerpt":{"rendered":"<p>Segundo informa\u00e7\u00f5es do site da Prefeitura de Juiz de Fora (PJF), no final de novembro, a\u00a0Prefeitura de Juiz de Fora (PJF) deu in\u00edcio \u00e0 remodela\u00e7\u00e3o de cem metros da rede de \u00e1gua da Rua Queluz, no bairro Eldorado. Agora, uma nova frente de trabalho atua tamb\u00e9m na Rua Jo\u00e3o Alexandre, onde ser\u00e3o substitu\u00eddos mais 160 [&hellip;]<\/p>\n","protected":false},"author":246,"featured_media":207407,"comment_status":"closed","ping_status":"closed","sticky":false,"template":"","format":"standard","meta":{"footnotes":""},"categories":[253,436,439],"tags":[],"class_list":["post-207406","post","type-post","status-publish","format-standard","has-post-thumbnail","hentry","category-cidade","category-destaque-da-semana","category-ultima-hora"],"_links":{"self":[{"href":"https:\/\/diarioregionaldigital.com.br\/index.php?rest_route=\/wp\/v2\/posts\/207406","targetHints":{"allow":["GET"]}}],"collection":[{"href":"https:\/\/diarioregionaldigital.com.br\/index.php?rest_route=\/wp\/v2\/posts"}],"about":[{"href":"https:\/\/diarioregionaldigital.com.br\/index.php?rest_route=\/wp\/v2\/types\/post"}],"author":[{"embeddable":true,"href":"https:\/\/diarioregionaldigital.com.br\/index.php?rest_route=\/wp\/v2\/users\/246"}],"replies":[{"embeddable":true,"href":"https:\/\/diarioregionaldigital.com.br\/index.php?rest_route=%2Fwp%2Fv2%2Fcomments&post=207406"}],"version-history":[{"count":1,"href":"https:\/\/diarioregionaldigital.com.br\/index.php?rest_route=\/wp\/v2\/posts\/207406\/revisions"}],"predecessor-version":[{"id":207408,"href":"https:\/\/diarioregionaldigital.com.br\/index.php?rest_route=\/wp\/v2\/posts\/207406\/revisions\/207408"}],"wp:featuredmedia":[{"embeddable":true,"href":"https:\/\/diarioregionaldigital.com.br\/index.php?rest_route=\/wp\/v2\/media\/207407"}],"wp:attachment":[{"href":"https:\/\/diarioregionaldigital.com.br\/index.php?rest_route=%2Fwp%2Fv2%2Fmedia&parent=207406"}],"wp:term":[{"taxonomy":"category","embeddable":true,"href":"https:\/\/diarioregionaldigital.com.br\/index.php?rest_route=%2Fwp%2Fv2%2Fcategories&post=207406"},{"taxonomy":"post_tag","embeddable":true,"href":"https:\/\/diarioregionaldigital.com.br\/index.php?rest_route=%2Fwp%2Fv2%2Ftags&post=207406"}],"curies":[{"name":"wp","href":"https:\/\/api.w.org\/{rel}","templated":true}]}}