{"id":207403,"date":"2022-12-05T14:57:16","date_gmt":"2022-12-05T17:57:16","guid":{"rendered":"https:\/\/diarioregionaldigital.com.br\/?p=207403"},"modified":"2022-12-05T14:57:16","modified_gmt":"2022-12-05T17:57:16","slug":"casa-da-mulher-recebe-doacao-de-absorventes-do-grupo-percussionista-muvuka","status":"publish","type":"post","link":"https:\/\/diarioregionaldigital.com.br\/?p=207403","title":{"rendered":"Casa da Mulher recebe doa\u00e7\u00e3o de absorventes do grupo percussionista Muvuka"},"content":{"rendered":"<p>Segundo informa\u00e7\u00f5es do site da Prefeitura de Juiz de Fora (PJF), na \u00faltima sexta-feira, 2, a Casa da Mulher recebeu pacotes de absorventes arrecadados pelo grupo Muvuka em uma de suas apresenta\u00e7\u00f5es. Em mar\u00e7o deste ano, o coletivo realizou uma parceria com a Casa da Mulher e a Penitenci\u00e1ria Jos\u00e9 Edson Cavalieri, por meio do projeto \u201cDe Olho nas Minas\u201d. A a\u00e7\u00e3o foi destinada \u00e0s mulheres do espa\u00e7o da Prefeitura de Juiz de Fora (PJF) e do anexo feminino da penitenci\u00e1ria, com rodas de conversa, oficinas de musicaliza\u00e7\u00e3o, dan\u00e7a afro e empreendedorismo criativo e solid\u00e1rio.<\/p>\n<p>Para al\u00e9m do projeto, o grupo decidiu fazer a primeira arrecada\u00e7\u00e3o. \u201cEsse ano realizamos uma oficina de percuss\u00e3o totalmente gratuita para as mulheres assistidas na Casa da Mulher e arrecadamos, entre integrantes do bloco e oficineiros, absorventes para doar \u00e0s detentas da penitenci\u00e1ria. Tamb\u00e9m realizamos uma apresenta\u00e7\u00e3o do bloco no anexo feminino\u201d, diz Mariana Assis, integrante do grupo.<\/p>\n<p>Por conta do sucesso da primeira arrecada\u00e7\u00e3o, o grupo decidiu fazer novamente durante o evento Novembro Negro Muvuka, no Dia da Consci\u00eancia Negra, no Beco Centro de Cultura. A entrada para assistir a apresenta\u00e7\u00e3o do grupo foi a doa\u00e7\u00e3o de um pacote de absorventes, que desta vez foi destinado \u00e0s assistidas pela Casa da Mulher.<\/p>\n<p>Garantir a distribui\u00e7\u00e3o gratuita de absorventes para quem n\u00e3o tem condi\u00e7\u00e3o de compr\u00e1-los. Essa \u00e9 uma preocupa\u00e7\u00e3o das vereadoras Cida Oliveira, Laiz Perrut e Tallia Sobral que destinaram emendas parlamentares \u00e0 Prefeitura de Juiz de Fora para aquisi\u00e7\u00e3o de absorventes. O processo licitat\u00f3rio para aquisi\u00e7\u00e3o dos itens est\u00e1 em curso.\u00a0 Desde 2014, a Organiza\u00e7\u00e3o das Na\u00e7\u00f5es Unidas (ONU) considera o acesso \u00e0 higiene menstrual um direito que precisa ser tratado como uma quest\u00e3o de sa\u00fade p\u00fablica e de direitos humanos.<\/p>\n<p>Quem recebeu a doa\u00e7\u00e3o foi Fernanda Moura, coordenadora do espa\u00e7o, que relatou sobre a distribui\u00e7\u00e3o dos itens para as assistidas. \u201cA Casa da Mulher atende muitas mulheres em situa\u00e7\u00e3o de vulnerabilidade social que n\u00e3o t\u00eam condi\u00e7\u00f5es de comprar absorventes higi\u00eanicos. O absorvente \u00e9 um produto diretamente ligado \u00e0 sa\u00fade feminina e essa doa\u00e7\u00e3o tamb\u00e9m incentiva a reflex\u00e3o sobre essa tem\u00e1tica e a conscientiza\u00e7\u00e3o sobre a causa da dignidade menstrual\u201d.<\/p>\n<p><strong>Casa da Mulher<\/strong><\/p>\n<p>Vinculada \u00e0 Secretaria Especial de Direitos Humanos (SEDH), a Casa da Mulher Maria da Concei\u00e7\u00e3o Lammoglia Jabour \u00e9 um centro municipal de atendimento humanizado, especializado em casos de mulheres em situa\u00e7\u00e3o de viol\u00eancia dom\u00e9stica. O espa\u00e7o \u00e9 refer\u00eancia na \u00e1rea, oferecendo atendimento psicol\u00f3gico e jur\u00eddico \u00e0s v\u00edtimas de viol\u00eancia sexual, f\u00edsica e psicol\u00f3gica, al\u00e9m de contar com um \u201cPonto de Acolhimento da Sa\u00fade para Mulheres L\u00e9sbicas, Bissexuais e Trans (LBT)\u201d.<\/p>\n<p>A institui\u00e7\u00e3o tamb\u00e9m coordena pol\u00edticas para mulheres, elabora e implementa campanhas educativas e n\u00e3o discriminat\u00f3rias, contribuindo para eliminar preconceitos, atitudes e padr\u00f5es de comportamento social que perpetuam a viol\u00eancia contra o g\u00eanero. O atendimento \u00e9 realizado de segunda a sexta-feira, das 8h \u00e0s 17h, na Avenida Garibaldi Campinhos 169, no bairro Vitorino Braga, antiga sede da Defesa Civil.<\/p>\n<p>&nbsp;<\/p>\n","protected":false},"excerpt":{"rendered":"<p>Segundo informa\u00e7\u00f5es do site da Prefeitura de Juiz de Fora (PJF), na \u00faltima sexta-feira, 2, a Casa da Mulher recebeu pacotes de absorventes arrecadados pelo grupo Muvuka em uma de suas apresenta\u00e7\u00f5es. Em mar\u00e7o deste ano, o coletivo realizou uma parceria com a Casa da Mulher e a Penitenci\u00e1ria Jos\u00e9 Edson Cavalieri, por meio do [&hellip;]<\/p>\n","protected":false},"author":246,"featured_media":207404,"comment_status":"closed","ping_status":"closed","sticky":false,"template":"","format":"standard","meta":{"footnotes":""},"categories":[253,436,439],"tags":[],"class_list":["post-207403","post","type-post","status-publish","format-standard","has-post-thumbnail","hentry","category-cidade","category-destaque-da-semana","category-ultima-hora"],"_links":{"self":[{"href":"https:\/\/diarioregionaldigital.com.br\/index.php?rest_route=\/wp\/v2\/posts\/207403","targetHints":{"allow":["GET"]}}],"collection":[{"href":"https:\/\/diarioregionaldigital.com.br\/index.php?rest_route=\/wp\/v2\/posts"}],"about":[{"href":"https:\/\/diarioregionaldigital.com.br\/index.php?rest_route=\/wp\/v2\/types\/post"}],"author":[{"embeddable":true,"href":"https:\/\/diarioregionaldigital.com.br\/index.php?rest_route=\/wp\/v2\/users\/246"}],"replies":[{"embeddable":true,"href":"https:\/\/diarioregionaldigital.com.br\/index.php?rest_route=%2Fwp%2Fv2%2Fcomments&post=207403"}],"version-history":[{"count":1,"href":"https:\/\/diarioregionaldigital.com.br\/index.php?rest_route=\/wp\/v2\/posts\/207403\/revisions"}],"predecessor-version":[{"id":207405,"href":"https:\/\/diarioregionaldigital.com.br\/index.php?rest_route=\/wp\/v2\/posts\/207403\/revisions\/207405"}],"wp:featuredmedia":[{"embeddable":true,"href":"https:\/\/diarioregionaldigital.com.br\/index.php?rest_route=\/wp\/v2\/media\/207404"}],"wp:attachment":[{"href":"https:\/\/diarioregionaldigital.com.br\/index.php?rest_route=%2Fwp%2Fv2%2Fmedia&parent=207403"}],"wp:term":[{"taxonomy":"category","embeddable":true,"href":"https:\/\/diarioregionaldigital.com.br\/index.php?rest_route=%2Fwp%2Fv2%2Fcategories&post=207403"},{"taxonomy":"post_tag","embeddable":true,"href":"https:\/\/diarioregionaldigital.com.br\/index.php?rest_route=%2Fwp%2Fv2%2Ftags&post=207403"}],"curies":[{"name":"wp","href":"https:\/\/api.w.org\/{rel}","templated":true}]}}