{"id":207399,"date":"2022-12-05T14:55:25","date_gmt":"2022-12-05T17:55:25","guid":{"rendered":"https:\/\/diarioregionaldigital.com.br\/?p=207399"},"modified":"2022-12-05T14:55:25","modified_gmt":"2022-12-05T17:55:25","slug":"trabalho-da-guarda-municipal-e-destaque-no-cultura-de-paz-entrevista","status":"publish","type":"post","link":"https:\/\/diarioregionaldigital.com.br\/?p=207399","title":{"rendered":"Trabalho da Guarda Municipal \u00e9 destaque no \u201cCultura de Paz Entrevista\u201d"},"content":{"rendered":"<p>Segundo informa\u00e7\u00f5es do site da Prefeitura de Juiz de Fora (PJF), o\u00a0podcast Cultura de Paz Entrevista recebeu nesta segunda-feira, 5, a secret\u00e1ria de Seguran\u00e7a Urbana e Cidadania, Let\u00edcia Paiva Delgado e o comandante da Guarda Municipal, Leandro Lisboa Barros, para uma conversa sobre os caminhos, os avan\u00e7os e os desafios da seguran\u00e7a p\u00fablica e da Guarda Municipal em Juiz de Fora.<br \/>\nO programa abordou as pol\u00edticas p\u00fablicas locais, a fun\u00e7\u00e3o da Guarda Municipal, sua trajet\u00f3ria, sua miss\u00e3o constitucional, bem como a rela\u00e7\u00e3o dos trabalhos da institui\u00e7\u00e3o com o Projeto Cultura de Paz, desenvolvido pela Universidade Federal de Juiz de Fora (UFJF), em parceria com a Prefeitura de Juiz de Fora (PJF). Em destaque, a aprova\u00e7\u00e3o recente de projeto junto ao Minist\u00e9rio da Justi\u00e7a e Seguran\u00e7a P\u00fablica (MJSP). A data coincide com a comemora\u00e7\u00e3o de 14 anos de atividades da Guarda Municipal na cidade.<br \/>\nO\u00a0professor da Faculdade de Comunica\u00e7\u00e3o e apresentador do podcast, Ricardo Bedendo,\u00a0deu as boas vindas aos convidados, parabenizando toda a Guarda Municipal por seu anivers\u00e1rio. A\u00a0secret\u00e1ria, Let\u00edcia Paiva Delgado, contextualizou a institui\u00e7\u00e3o. \u201cA Guarda Municipal surge com a redemocratiza\u00e7\u00e3o, com a constitui\u00e7\u00e3o de 1988. Uma institui\u00e7\u00e3o com olhar para o munic\u00edpio \u00e9 de uma grandeza muito importante, porque as coisas acontecem no munic\u00edpio. E ter um \u00f3rg\u00e3o que tem o olhar voltado para fortalecer uma doutrina civil de seguran\u00e7a p\u00fablica em si j\u00e1 \u00e9 desafiador\u201d, afirmou em rela\u00e7\u00e3o ao papel de consolidar uma filosofia moderna de seguran\u00e7a, focada na preven\u00e7\u00e3o.<br \/>\nO comandante da Guarda, Leandro Lisboa, enfatizou a colabora\u00e7\u00e3o de cada um dos 110 guardas municipais, \u201chomens e mulheres, que saem diariamente de suas casas, que vestem o uniforme e at\u00e9 se exp\u00f5em aos riscos pr\u00f3prios da profiss\u00e3o para cumprir a miss\u00e3o de proteger a popula\u00e7\u00e3o, de apoiar os servi\u00e7os da administra\u00e7\u00e3o municipal, nos mais diferentes postos de trabalho\u201d. Sobre a inser\u00e7\u00e3o da Guarda na seguran\u00e7a p\u00fablica ele foi enf\u00e1tico. \u201cHoje j\u00e1 n\u00e3o se discute se Guarda Municipal \u00e9 pol\u00edcia. A discuss\u00e3o \u00e9 sobre que tipo de pol\u00edcia a gente quer ser\u201d, afirmou em rela\u00e7\u00e3o a um perfil cidad\u00e3o.<br \/>\nEntre os avan\u00e7os apresentados, a ades\u00e3o \u00e0 plataforma de registros de ocorr\u00eancias e despachos, do Minist\u00e9rio da Justi\u00e7a e Seguran\u00e7a P\u00fablica (MJSP), Sinesp CAD, que modernizou, organizou e profissionalizou a forma de tratar dados de a\u00e7\u00f5es e atendimentos feitos pela corpora\u00e7\u00e3o. Outro exemplo de sucesso pode ser visto pelo projeto de cultura de paz nas escolas. O projeto est\u00e1 sendo realizado, desde mar\u00e7o deste ano, na Escola Municipal Jovita de Montreuil Brand\u00e3o, no Parque das \u00c1guas. A iniciativa conquistou o terceiro lugar em disputa com outros 122 munic\u00edpios de todo o Brasil, sendo a \u00fanica contemplada com recursos no estado de Minas Gerais. A conquista, que refor\u00e7a tamb\u00e9m o vi\u00e9s preventivo da Guarda Municipal, \u00e9 atribu\u00edda ao fato de a cidade de Juiz de Fora ter avan\u00e7ado institucionalmente na pol\u00edtica municipal de seguran\u00e7a p\u00fablica, com a\u00a0 exist\u00eancia de um Plano Municipal de Seguran\u00e7a, um Conselho Municipal de Seguran\u00e7a Urbana e Cidadania (Comsuc), \u00f3rg\u00e3os de controle interno e externo representados pelas corregedoria e ouvidoria da Guarda.<br \/>\nO papel da Guarda na cultura de paz permeou a conversa. \u201cA Guarda Municipal tem a fun\u00e7\u00e3o priorit\u00e1ria de viabilizar acessos a direitos, solucionar conflitos e trazer paz social, com foco no territ\u00f3rio, no contato com o cidad\u00e3o, na preven\u00e7\u00e3o. A cultura de paz n\u00e3o tem de ser uma frase somente. Ela \u00e9 um verbo que encerra a necessidade de fazer a paz\u201d, sentenciou a secret\u00e1ria.<br \/>\nProduzido pelo eixo de Comunica\u00e7\u00e3o do Projeto \u201cCultura de Paz e Preven\u00e7\u00e3o das Viol\u00eancias: Tecendo Redes\u201d e gravado na R\u00e1dio Facom, da Universidade Federal de Juiz de Fora (UFJF) p podcast se prop\u00f5e a apresentar os \u00f3rg\u00e3os e servi\u00e7os que fazem parte da rede preven\u00e7\u00e3o e acolhimento \u00e0s viol\u00eancias no munic\u00edpio.<\/p>\n","protected":false},"excerpt":{"rendered":"<p>Segundo informa\u00e7\u00f5es do site da Prefeitura de Juiz de Fora (PJF), o\u00a0podcast Cultura de Paz Entrevista recebeu nesta segunda-feira, 5, a secret\u00e1ria de Seguran\u00e7a Urbana e Cidadania, Let\u00edcia Paiva Delgado e o comandante da Guarda Municipal, Leandro Lisboa Barros, para uma conversa sobre os caminhos, os avan\u00e7os e os desafios da seguran\u00e7a p\u00fablica e da [&hellip;]<\/p>\n","protected":false},"author":246,"featured_media":207400,"comment_status":"closed","ping_status":"closed","sticky":false,"template":"","format":"standard","meta":{"footnotes":""},"categories":[253,436,439],"tags":[],"class_list":["post-207399","post","type-post","status-publish","format-standard","has-post-thumbnail","hentry","category-cidade","category-destaque-da-semana","category-ultima-hora"],"_links":{"self":[{"href":"https:\/\/diarioregionaldigital.com.br\/index.php?rest_route=\/wp\/v2\/posts\/207399","targetHints":{"allow":["GET"]}}],"collection":[{"href":"https:\/\/diarioregionaldigital.com.br\/index.php?rest_route=\/wp\/v2\/posts"}],"about":[{"href":"https:\/\/diarioregionaldigital.com.br\/index.php?rest_route=\/wp\/v2\/types\/post"}],"author":[{"embeddable":true,"href":"https:\/\/diarioregionaldigital.com.br\/index.php?rest_route=\/wp\/v2\/users\/246"}],"replies":[{"embeddable":true,"href":"https:\/\/diarioregionaldigital.com.br\/index.php?rest_route=%2Fwp%2Fv2%2Fcomments&post=207399"}],"version-history":[{"count":2,"href":"https:\/\/diarioregionaldigital.com.br\/index.php?rest_route=\/wp\/v2\/posts\/207399\/revisions"}],"predecessor-version":[{"id":207402,"href":"https:\/\/diarioregionaldigital.com.br\/index.php?rest_route=\/wp\/v2\/posts\/207399\/revisions\/207402"}],"wp:featuredmedia":[{"embeddable":true,"href":"https:\/\/diarioregionaldigital.com.br\/index.php?rest_route=\/wp\/v2\/media\/207400"}],"wp:attachment":[{"href":"https:\/\/diarioregionaldigital.com.br\/index.php?rest_route=%2Fwp%2Fv2%2Fmedia&parent=207399"}],"wp:term":[{"taxonomy":"category","embeddable":true,"href":"https:\/\/diarioregionaldigital.com.br\/index.php?rest_route=%2Fwp%2Fv2%2Fcategories&post=207399"},{"taxonomy":"post_tag","embeddable":true,"href":"https:\/\/diarioregionaldigital.com.br\/index.php?rest_route=%2Fwp%2Fv2%2Ftags&post=207399"}],"curies":[{"name":"wp","href":"https:\/\/api.w.org\/{rel}","templated":true}]}}