{"id":207396,"date":"2022-12-05T14:51:35","date_gmt":"2022-12-05T17:51:35","guid":{"rendered":"https:\/\/diarioregionaldigital.com.br\/?p=207396"},"modified":"2022-12-05T14:51:35","modified_gmt":"2022-12-05T17:51:35","slug":"poeta-juiz-forano-representa-minas-gerais-em-competicao-nacional-de-slam","status":"publish","type":"post","link":"https:\/\/diarioregionaldigital.com.br\/?p=207396","title":{"rendered":"Poeta juiz-forano representa Minas Gerais em competi\u00e7\u00e3o nacional de Slam"},"content":{"rendered":"<p>Segundo informa\u00e7\u00f5es do site da Prefeitura de Juiz de Fora (PJF), aos 23 anos, o juiz-forano Igor Braz tem a honrosa miss\u00e3o de representar Minas Gerais no Slam BR, competi\u00e7\u00e3o nacional de poesia, que acontece durante a Festa Liter\u00e1ria das Periferias (Flup), aberta nesta segunda-feira, 5, no Rio de Janeiro. Enquanto finaliza os preparativos para a batalha, que reunir\u00e1 representantes dos 26 estados brasileiros e do Distrito Federal, entre os dias 6 e 9 de dezembro, Igor tenta absorver a informa\u00e7\u00e3o de que est\u00e1 entre os melhores slammers brasileiros. \u201cA ficha ainda n\u00e3o caiu. Estou vivendo um sonho que nem consigo descrever. Muito feliz por representar minha cidade e meu estado!\u201d.<\/p>\n<p>Igor, que \u00e9 \u201ccria\u201d do bairro Santo Ant\u00f4nio, conta que est\u00e1 h\u00e1 seis anos na cena da poesia marginal. \u201cSempre gostei, mas, por timidez, mantinha meus versos na gaveta. Depois de assistir uma batalha com participa\u00e7\u00e3o de Laura Concei\u00e7\u00e3o e Chagas, entendi que era isso o que eu queria fazer\u201d, conta ele, que \u00e9 um dos fundadores do coletivo Sararau Criolo.<\/p>\n<p>O poeta chegou ao Slam BR depois de sagrar-se vice-campe\u00e3o no Slam MG em outubro passado. J\u00e1 o passaporte para o estadual veio quando venceu o Slam da Perifa, organizado pelo Coletivo Vozes de Rua, em Juiz de Fora.<\/p>\n<p>Ele antecipa que amor, preconceito, periferia e racismo est\u00e3o entre os temas escolhidos para defender Minas Gerais no Slam BR. \u201cNas rodadas competitivas, cada poeta ter\u00e1 tr\u00eas minutos para apresentar suas performances. Cinco jurados atribuem notas, sendo a maior e a menor dispensadas. Durante a competi\u00e7\u00e3o, os participantes que obt\u00eam menor pontua\u00e7\u00e3o v\u00e3o saindo, e a grande final acontece dia 9\u201d.<\/p>\n","protected":false},"excerpt":{"rendered":"<p>Segundo informa\u00e7\u00f5es do site da Prefeitura de Juiz de Fora (PJF), aos 23 anos, o juiz-forano Igor Braz tem a honrosa miss\u00e3o de representar Minas Gerais no Slam BR, competi\u00e7\u00e3o nacional de poesia, que acontece durante a Festa Liter\u00e1ria das Periferias (Flup), aberta nesta segunda-feira, 5, no Rio de Janeiro. Enquanto finaliza os preparativos para [&hellip;]<\/p>\n","protected":false},"author":246,"featured_media":207397,"comment_status":"closed","ping_status":"closed","sticky":false,"template":"","format":"standard","meta":{"footnotes":""},"categories":[253,436,440,439],"tags":[],"class_list":["post-207396","post","type-post","status-publish","format-standard","has-post-thumbnail","hentry","category-cidade","category-destaque-da-semana","category-destaques-do-dia","category-ultima-hora"],"_links":{"self":[{"href":"https:\/\/diarioregionaldigital.com.br\/index.php?rest_route=\/wp\/v2\/posts\/207396","targetHints":{"allow":["GET"]}}],"collection":[{"href":"https:\/\/diarioregionaldigital.com.br\/index.php?rest_route=\/wp\/v2\/posts"}],"about":[{"href":"https:\/\/diarioregionaldigital.com.br\/index.php?rest_route=\/wp\/v2\/types\/post"}],"author":[{"embeddable":true,"href":"https:\/\/diarioregionaldigital.com.br\/index.php?rest_route=\/wp\/v2\/users\/246"}],"replies":[{"embeddable":true,"href":"https:\/\/diarioregionaldigital.com.br\/index.php?rest_route=%2Fwp%2Fv2%2Fcomments&post=207396"}],"version-history":[{"count":1,"href":"https:\/\/diarioregionaldigital.com.br\/index.php?rest_route=\/wp\/v2\/posts\/207396\/revisions"}],"predecessor-version":[{"id":207398,"href":"https:\/\/diarioregionaldigital.com.br\/index.php?rest_route=\/wp\/v2\/posts\/207396\/revisions\/207398"}],"wp:featuredmedia":[{"embeddable":true,"href":"https:\/\/diarioregionaldigital.com.br\/index.php?rest_route=\/wp\/v2\/media\/207397"}],"wp:attachment":[{"href":"https:\/\/diarioregionaldigital.com.br\/index.php?rest_route=%2Fwp%2Fv2%2Fmedia&parent=207396"}],"wp:term":[{"taxonomy":"category","embeddable":true,"href":"https:\/\/diarioregionaldigital.com.br\/index.php?rest_route=%2Fwp%2Fv2%2Fcategories&post=207396"},{"taxonomy":"post_tag","embeddable":true,"href":"https:\/\/diarioregionaldigital.com.br\/index.php?rest_route=%2Fwp%2Fv2%2Ftags&post=207396"}],"curies":[{"name":"wp","href":"https:\/\/api.w.org\/{rel}","templated":true}]}}