{"id":207383,"date":"2022-12-05T14:33:55","date_gmt":"2022-12-05T17:33:55","guid":{"rendered":"https:\/\/diarioregionaldigital.com.br\/?p=207383"},"modified":"2022-12-05T14:33:55","modified_gmt":"2022-12-05T17:33:55","slug":"eleicoes-2022-quase-13-milhao-declararam-algum-tipo-de-deficiencia","status":"publish","type":"post","link":"https:\/\/diarioregionaldigital.com.br\/?p=207383","title":{"rendered":"Elei\u00e7\u00f5es 2022: quase 1,3 milh\u00e3o declararam algum tipo de defici\u00eancia"},"content":{"rendered":"<p>No Dia Internacional de Luta das Pessoas com Defici\u00eancia, lembrado\u00a0hoje\u00a0(3), o Tribunal Superior Eleitoral (TSE)\u00a0informou que quase 1,3 milh\u00e3o de eleitores declararam algum tipo de defici\u00eancia no pleito realizado este ano &#8211; um aumento de 35% em rela\u00e7\u00e3o \u00e0s elei\u00e7\u00f5es de 2018.<img decoding=\"async\" src=\"https:\/\/agenciabrasil.ebc.com.br\/ebc.png?id=1496630&amp;o=node\" \/><img decoding=\"async\" src=\"https:\/\/agenciabrasil.ebc.com.br\/ebc.gif?id=1496630&amp;o=node\" \/><\/p>\n<p>Ao todo,\u00a01.271.381 eleitores informaram\u00a0ter\u00a0algum tipo de defici\u00eancia ou mobilidade reduzida entre as mais de 156 milh\u00f5es de pessoas consideradas aptas a votar nas elei\u00e7\u00f5es\u00a0de outubro\u00a0passado.<\/p>\n<p>A Corte lembrou que essa parcela do eleitorado p\u00f4de solicitar voto em se\u00e7\u00e3o especial onde h\u00e1 acessibilidade. &#8220;Os espa\u00e7os s\u00e3o adaptados para oferecer f\u00e1cil acesso e maior comodidade e seguran\u00e7a na hora do voto&#8221;, destacou o TSE, por meio das redes sociais.<\/p>\n<p><span style=\"font-weight: 400;\">Fonte: Ag\u00eancia Brasil <\/span><\/p>\n","protected":false},"excerpt":{"rendered":"<p>No Dia Internacional de Luta das Pessoas com Defici\u00eancia, lembrado\u00a0hoje\u00a0(3), o Tribunal Superior Eleitoral (TSE)\u00a0informou que quase 1,3 milh\u00e3o de eleitores declararam algum tipo de defici\u00eancia no pleito realizado este ano &#8211; um aumento de 35% em rela\u00e7\u00e3o \u00e0s elei\u00e7\u00f5es de 2018. Ao todo,\u00a01.271.381 eleitores informaram\u00a0ter\u00a0algum tipo de defici\u00eancia ou mobilidade reduzida entre as mais [&hellip;]<\/p>\n","protected":false},"author":246,"featured_media":207384,"comment_status":"closed","ping_status":"closed","sticky":false,"template":"","format":"standard","meta":{"footnotes":""},"categories":[436,254,439],"tags":[],"class_list":["post-207383","post","type-post","status-publish","format-standard","has-post-thumbnail","hentry","category-destaque-da-semana","category-politica","category-ultima-hora"],"_links":{"self":[{"href":"https:\/\/diarioregionaldigital.com.br\/index.php?rest_route=\/wp\/v2\/posts\/207383","targetHints":{"allow":["GET"]}}],"collection":[{"href":"https:\/\/diarioregionaldigital.com.br\/index.php?rest_route=\/wp\/v2\/posts"}],"about":[{"href":"https:\/\/diarioregionaldigital.com.br\/index.php?rest_route=\/wp\/v2\/types\/post"}],"author":[{"embeddable":true,"href":"https:\/\/diarioregionaldigital.com.br\/index.php?rest_route=\/wp\/v2\/users\/246"}],"replies":[{"embeddable":true,"href":"https:\/\/diarioregionaldigital.com.br\/index.php?rest_route=%2Fwp%2Fv2%2Fcomments&post=207383"}],"version-history":[{"count":1,"href":"https:\/\/diarioregionaldigital.com.br\/index.php?rest_route=\/wp\/v2\/posts\/207383\/revisions"}],"predecessor-version":[{"id":207385,"href":"https:\/\/diarioregionaldigital.com.br\/index.php?rest_route=\/wp\/v2\/posts\/207383\/revisions\/207385"}],"wp:featuredmedia":[{"embeddable":true,"href":"https:\/\/diarioregionaldigital.com.br\/index.php?rest_route=\/wp\/v2\/media\/207384"}],"wp:attachment":[{"href":"https:\/\/diarioregionaldigital.com.br\/index.php?rest_route=%2Fwp%2Fv2%2Fmedia&parent=207383"}],"wp:term":[{"taxonomy":"category","embeddable":true,"href":"https:\/\/diarioregionaldigital.com.br\/index.php?rest_route=%2Fwp%2Fv2%2Fcategories&post=207383"},{"taxonomy":"post_tag","embeddable":true,"href":"https:\/\/diarioregionaldigital.com.br\/index.php?rest_route=%2Fwp%2Fv2%2Ftags&post=207383"}],"curies":[{"name":"wp","href":"https:\/\/api.w.org\/{rel}","templated":true}]}}