{"id":207380,"date":"2022-12-05T14:31:32","date_gmt":"2022-12-05T17:31:32","guid":{"rendered":"https:\/\/diarioregionaldigital.com.br\/?p=207380"},"modified":"2022-12-05T14:31:32","modified_gmt":"2022-12-05T17:31:32","slug":"mendonca-prorroga-prazo-para-implementar-aliquota-uniforme-do-icms","status":"publish","type":"post","link":"https:\/\/diarioregionaldigital.com.br\/?p=207380","title":{"rendered":"Mendon\u00e7a prorroga prazo para implementar al\u00edquota uniforme do ICMS"},"content":{"rendered":"<p>O ministro do Supremo Tribunal Federal (STF) Andr\u00e9 Mendon\u00e7a prorrogou por 30 dias o prazo para implementa\u00e7\u00e3o do regime de cobran\u00e7a monof\u00e1sico e com al\u00edquota uniforme\u00a0do Imposto sobre Circula\u00e7\u00e3o de Mercadorias e Servi\u00e7os (ICMS) sobre combust\u00edveis. A decis\u00e3o foi assinada ontem (1\u00b0).<img decoding=\"async\" src=\"https:\/\/agenciabrasil.ebc.com.br\/ebc.png?id=1496554&amp;o=node\" \/><img decoding=\"async\" src=\"https:\/\/agenciabrasil.ebc.com.br\/ebc.gif?id=1496554&amp;o=node\" \/><\/p>\n<p>Com o regime monof\u00e1sico, o imposto passa a ser recolhido uma vez na cadeia produtiva de combust\u00edveis e com al\u00edquota uniforme. A decis\u00e3o vale para todos os estados.<\/p>\n<p>A decis\u00e3o foi motivada por um pedido de adiamento feito pelo Col\u00e9gio Nacional de Procuradores-Gerais dos Estados e do Distrito Federal (Conpeg) ao ministro. A entidade considerou invi\u00e1vel o prazo inicial para cumprimento da decis\u00e3o.<\/p>\n<p>Em setembro, Mendon\u00e7a determinou que os estados devem seguir o disposto na Lei Complementar 192\/2022 e na Emenda Constitucional 33\/2001 no que diz respeito ao regime monof\u00e1sico de cobran\u00e7a do ICMS. A decis\u00e3o tratou da incid\u00eancia sobre o etanol hidratado.<\/p>\n<p>Apesar de prorrogar o prazo de implementa\u00e7\u00e3o, Mendon\u00e7a advertiu que a falta de implementa\u00e7\u00e3o efetiva do regime monof\u00e1sico implicar\u00e1 no descumprimento da decis\u00e3o judicial.<\/p>\n<p>A quest\u00e3o da cobran\u00e7a do ICMS sobre os combust\u00edveis \u00e9 debatida desde agosto deste ano no STF. Representantes dos estados e do governo federal est\u00e3o se reunindo em audi\u00eancias p\u00fablicas para tentar chegar a um acordo sobre a quest\u00e3o\u00a0da perda de arrecada\u00e7\u00e3o.<\/p>\n<p>Os governos estaduais argumentam que as leis que tratam do ICMS sobre combust\u00edveis atrapalham a programa\u00e7\u00e3o or\u00e7ament\u00e1ria e derrubam as receitas p\u00fablicas.<\/p>\n<p><span style=\"font-weight: 400;\">Fonte: Ag\u00eancia Brasil <\/span><\/p>\n","protected":false},"excerpt":{"rendered":"<p>O ministro do Supremo Tribunal Federal (STF) Andr\u00e9 Mendon\u00e7a prorrogou por 30 dias o prazo para implementa\u00e7\u00e3o do regime de cobran\u00e7a monof\u00e1sico e com al\u00edquota uniforme\u00a0do Imposto sobre Circula\u00e7\u00e3o de Mercadorias e Servi\u00e7os (ICMS) sobre combust\u00edveis. A decis\u00e3o foi assinada ontem (1\u00b0). Com o regime monof\u00e1sico, o imposto passa a ser recolhido uma vez na [&hellip;]<\/p>\n","protected":false},"author":246,"featured_media":207381,"comment_status":"closed","ping_status":"closed","sticky":false,"template":"","format":"standard","meta":{"footnotes":""},"categories":[436,254,439],"tags":[],"class_list":["post-207380","post","type-post","status-publish","format-standard","has-post-thumbnail","hentry","category-destaque-da-semana","category-politica","category-ultima-hora"],"_links":{"self":[{"href":"https:\/\/diarioregionaldigital.com.br\/index.php?rest_route=\/wp\/v2\/posts\/207380","targetHints":{"allow":["GET"]}}],"collection":[{"href":"https:\/\/diarioregionaldigital.com.br\/index.php?rest_route=\/wp\/v2\/posts"}],"about":[{"href":"https:\/\/diarioregionaldigital.com.br\/index.php?rest_route=\/wp\/v2\/types\/post"}],"author":[{"embeddable":true,"href":"https:\/\/diarioregionaldigital.com.br\/index.php?rest_route=\/wp\/v2\/users\/246"}],"replies":[{"embeddable":true,"href":"https:\/\/diarioregionaldigital.com.br\/index.php?rest_route=%2Fwp%2Fv2%2Fcomments&post=207380"}],"version-history":[{"count":1,"href":"https:\/\/diarioregionaldigital.com.br\/index.php?rest_route=\/wp\/v2\/posts\/207380\/revisions"}],"predecessor-version":[{"id":207382,"href":"https:\/\/diarioregionaldigital.com.br\/index.php?rest_route=\/wp\/v2\/posts\/207380\/revisions\/207382"}],"wp:featuredmedia":[{"embeddable":true,"href":"https:\/\/diarioregionaldigital.com.br\/index.php?rest_route=\/wp\/v2\/media\/207381"}],"wp:attachment":[{"href":"https:\/\/diarioregionaldigital.com.br\/index.php?rest_route=%2Fwp%2Fv2%2Fmedia&parent=207380"}],"wp:term":[{"taxonomy":"category","embeddable":true,"href":"https:\/\/diarioregionaldigital.com.br\/index.php?rest_route=%2Fwp%2Fv2%2Fcategories&post=207380"},{"taxonomy":"post_tag","embeddable":true,"href":"https:\/\/diarioregionaldigital.com.br\/index.php?rest_route=%2Fwp%2Fv2%2Ftags&post=207380"}],"curies":[{"name":"wp","href":"https:\/\/api.w.org\/{rel}","templated":true}]}}