{"id":207376,"date":"2022-12-05T14:29:32","date_gmt":"2022-12-05T17:29:32","guid":{"rendered":"https:\/\/diarioregionaldigital.com.br\/?p=207376"},"modified":"2022-12-05T14:29:32","modified_gmt":"2022-12-05T17:29:32","slug":"exames-de-lula-estao-dentro-da-normalidade-diz-boletim-medico","status":"publish","type":"post","link":"https:\/\/diarioregionaldigital.com.br\/?p=207376","title":{"rendered":"Exames de Lula est\u00e3o dentro da normalidade, diz boletim m\u00e9dico"},"content":{"rendered":"<p>O presidente eleito Luiz In\u00e1cio Lula da Silva realizou, na manh\u00e3 deste domingo (4), uma laringoscopia no Hospital S\u00edrio-Liban\u00eas, em S\u00e3o Paulo. O exame j\u00e1 estava previamente agendado.<img decoding=\"async\" src=\"https:\/\/agenciabrasil.ebc.com.br\/ebc.png?id=1496726&amp;o=node\" \/><img decoding=\"async\" src=\"https:\/\/agenciabrasil.ebc.com.br\/ebc.gif?id=1496726&amp;o=node\" \/><\/p>\n<p>De acordo com boletim m\u00e9dico divulgado pelo hospital, o &#8220;exame se mostrou dentro da normalidade.&#8221;<\/p>\n<p>Lula seguiu para S\u00e3o Paulo na sexta-feira \u00e0 tarde, se onde assistiu a derrota do Brasil para Camar\u00f5es na Copa da Mundo. Entre hoje e amanh\u00e3 (5) ele deve retornar a Bras\u00edlia.<\/p>\n<p>No dia 20 de novembro, Lula realizou uma laringoscopia para retirada de leucoplasia da prega vocal esquerda, uma les\u00e3o na laringe. Na ocasi\u00e3o, o procedimento mostrou aus\u00eancia de neoplasia (c\u00e2ncer).<\/p>\n<p><span style=\"font-weight: 400;\"><br \/>\n<\/span><span style=\"font-weight: 400;\">Fonte: Ag\u00eancia Brasil <\/span><\/p>\n","protected":false},"excerpt":{"rendered":"<p>O presidente eleito Luiz In\u00e1cio Lula da Silva realizou, na manh\u00e3 deste domingo (4), uma laringoscopia no Hospital S\u00edrio-Liban\u00eas, em S\u00e3o Paulo. O exame j\u00e1 estava previamente agendado. De acordo com boletim m\u00e9dico divulgado pelo hospital, o &#8220;exame se mostrou dentro da normalidade.&#8221; Lula seguiu para S\u00e3o Paulo na sexta-feira \u00e0 tarde, se onde assistiu [&hellip;]<\/p>\n","protected":false},"author":246,"featured_media":207377,"comment_status":"closed","ping_status":"closed","sticky":false,"template":"","format":"standard","meta":{"footnotes":""},"categories":[436,254,439],"tags":[],"class_list":["post-207376","post","type-post","status-publish","format-standard","has-post-thumbnail","hentry","category-destaque-da-semana","category-politica","category-ultima-hora"],"_links":{"self":[{"href":"https:\/\/diarioregionaldigital.com.br\/index.php?rest_route=\/wp\/v2\/posts\/207376","targetHints":{"allow":["GET"]}}],"collection":[{"href":"https:\/\/diarioregionaldigital.com.br\/index.php?rest_route=\/wp\/v2\/posts"}],"about":[{"href":"https:\/\/diarioregionaldigital.com.br\/index.php?rest_route=\/wp\/v2\/types\/post"}],"author":[{"embeddable":true,"href":"https:\/\/diarioregionaldigital.com.br\/index.php?rest_route=\/wp\/v2\/users\/246"}],"replies":[{"embeddable":true,"href":"https:\/\/diarioregionaldigital.com.br\/index.php?rest_route=%2Fwp%2Fv2%2Fcomments&post=207376"}],"version-history":[{"count":2,"href":"https:\/\/diarioregionaldigital.com.br\/index.php?rest_route=\/wp\/v2\/posts\/207376\/revisions"}],"predecessor-version":[{"id":207379,"href":"https:\/\/diarioregionaldigital.com.br\/index.php?rest_route=\/wp\/v2\/posts\/207376\/revisions\/207379"}],"wp:featuredmedia":[{"embeddable":true,"href":"https:\/\/diarioregionaldigital.com.br\/index.php?rest_route=\/wp\/v2\/media\/207377"}],"wp:attachment":[{"href":"https:\/\/diarioregionaldigital.com.br\/index.php?rest_route=%2Fwp%2Fv2%2Fmedia&parent=207376"}],"wp:term":[{"taxonomy":"category","embeddable":true,"href":"https:\/\/diarioregionaldigital.com.br\/index.php?rest_route=%2Fwp%2Fv2%2Fcategories&post=207376"},{"taxonomy":"post_tag","embeddable":true,"href":"https:\/\/diarioregionaldigital.com.br\/index.php?rest_route=%2Fwp%2Fv2%2Ftags&post=207376"}],"curies":[{"name":"wp","href":"https:\/\/api.w.org\/{rel}","templated":true}]}}