{"id":207373,"date":"2022-12-05T14:27:07","date_gmt":"2022-12-05T17:27:07","guid":{"rendered":"https:\/\/diarioregionaldigital.com.br\/?p=207373"},"modified":"2022-12-05T14:27:07","modified_gmt":"2022-12-05T17:27:07","slug":"pec-da-transicao-deve-cair-para-2-anos-mas-valor-sera-mantido","status":"publish","type":"post","link":"https:\/\/diarioregionaldigital.com.br\/?p=207373","title":{"rendered":"PEC da Transi\u00e7\u00e3o deve cair para 2 anos, mas valor ser\u00e1 mantido"},"content":{"rendered":"<p>O relator do Or\u00e7amento Geral da Uni\u00e3o, senador Marcelo Castro (MDB-PI), disse nesta segunda-feira (5) que o senador Alexandre Silveira (PSD-MG) ser\u00e1 o relator da chamada Proposta de Emenda \u00e0 Constitui\u00e7\u00e3o (PEC) da Transi\u00e7\u00e3o na Comiss\u00e3o de Constitui\u00e7\u00e3o e Justi\u00e7a (CCJ) do Senado.<img decoding=\"async\" src=\"https:\/\/agenciabrasil.ebc.com.br\/ebc.png?id=1496810&amp;o=node\" \/><img decoding=\"async\" src=\"https:\/\/agenciabrasil.ebc.com.br\/ebc.gif?id=1496810&amp;o=node\" \/><\/p>\n<p>Com o prazo apertado para apreciar o texto, nas duas Casas do Congresso, at\u00e9 a semana que vem, a proposta exclui do teto de gastos R$ 175 bilh\u00f5es para pagamento do Bolsa Fam\u00edlia no valor de R$ 600, a partir de janeiro de 2023. A PEC tamb\u00e9m tira do teto mais R$ 23 bilh\u00f5es para serem aplicados em investimentos, quando houver excesso de arrecada\u00e7\u00e3o.<\/p>\n<p>A inten\u00e7\u00e3o dos senadores \u00e9 discutir a PEC na CCJ\u00a0nesta ter\u00e7a-feira (6) e votar a mat\u00e9ria no colegiado j\u00e1 na manh\u00e3 de quarta-feira (7) e \u00e0 tarde no plen\u00e1rio do Senado. Na semana seguinte, a expectativa \u00e9 que a C\u00e2mara dos Deputados aprecie a proposta.<\/p>\n<p>Inicialmente, a equipe de transi\u00e7\u00e3o defendeu que a exclus\u00e3o dos valores do teto de gastos valesse por quatro anos, mas, segundo Marcelo Castro, a proposta n\u00e3o foi bem recebida e deve ser modificada por um substitutivo que prop\u00f5e dois anos de prazo.<\/p>\n<p>\u201cHoje vai ser um dia de articula\u00e7\u00f5es, negocia\u00e7\u00f5es, de conversar com os senadores, de contar os votos para que amanh\u00e3 a gente possa aprovar, se poss\u00edvel, na Comiss\u00e3o de Justi\u00e7a [do Senado]\u201d, explicou Castro. O senador lembrou\u00a0que, para ser aprovado, o texto, precisa de, no m\u00ednimo, 49 votos favor\u00e1veis de senadores e 308 de deputados em dois turnos de vota\u00e7\u00e3o em cada uma das Casas.<\/p>\n<p>A reuni\u00e3o ocorreu pela manh\u00e3 na resid\u00eancia oficial do presidente da C\u00e2mara Arthur Lira (PP-AL) e tamb\u00e9m contou com a presen\u00e7a do presidente do Senado, Rodrigo Pacheco (PSD-MG). Al\u00e9m deles, participam os senadores Davi Alcolumbre (Uni\u00e3o-AP) e\u00a0Alexandre Silveira (PSD-MG)\u00a0e os deputados Hugo Leal (PSD-RJ) e Celso Sabino (Uni\u00e3o-PA), presidente da Comiss\u00e3o Mista de Or\u00e7amento (CMO) e cotado para ser o relator da PEC na C\u00e2mara.<\/p>\n<p><span style=\"font-weight: 400;\">Fonte: Ag\u00eancia Brasil <\/span><\/p>\n","protected":false},"excerpt":{"rendered":"<p>O relator do Or\u00e7amento Geral da Uni\u00e3o, senador Marcelo Castro (MDB-PI), disse nesta segunda-feira (5) que o senador Alexandre Silveira (PSD-MG) ser\u00e1 o relator da chamada Proposta de Emenda \u00e0 Constitui\u00e7\u00e3o (PEC) da Transi\u00e7\u00e3o na Comiss\u00e3o de Constitui\u00e7\u00e3o e Justi\u00e7a (CCJ) do Senado. Com o prazo apertado para apreciar o texto, nas duas Casas do [&hellip;]<\/p>\n","protected":false},"author":246,"featured_media":207374,"comment_status":"closed","ping_status":"closed","sticky":false,"template":"","format":"standard","meta":{"footnotes":""},"categories":[436,440,254,439],"tags":[],"class_list":["post-207373","post","type-post","status-publish","format-standard","has-post-thumbnail","hentry","category-destaque-da-semana","category-destaques-do-dia","category-politica","category-ultima-hora"],"_links":{"self":[{"href":"https:\/\/diarioregionaldigital.com.br\/index.php?rest_route=\/wp\/v2\/posts\/207373","targetHints":{"allow":["GET"]}}],"collection":[{"href":"https:\/\/diarioregionaldigital.com.br\/index.php?rest_route=\/wp\/v2\/posts"}],"about":[{"href":"https:\/\/diarioregionaldigital.com.br\/index.php?rest_route=\/wp\/v2\/types\/post"}],"author":[{"embeddable":true,"href":"https:\/\/diarioregionaldigital.com.br\/index.php?rest_route=\/wp\/v2\/users\/246"}],"replies":[{"embeddable":true,"href":"https:\/\/diarioregionaldigital.com.br\/index.php?rest_route=%2Fwp%2Fv2%2Fcomments&post=207373"}],"version-history":[{"count":1,"href":"https:\/\/diarioregionaldigital.com.br\/index.php?rest_route=\/wp\/v2\/posts\/207373\/revisions"}],"predecessor-version":[{"id":207375,"href":"https:\/\/diarioregionaldigital.com.br\/index.php?rest_route=\/wp\/v2\/posts\/207373\/revisions\/207375"}],"wp:featuredmedia":[{"embeddable":true,"href":"https:\/\/diarioregionaldigital.com.br\/index.php?rest_route=\/wp\/v2\/media\/207374"}],"wp:attachment":[{"href":"https:\/\/diarioregionaldigital.com.br\/index.php?rest_route=%2Fwp%2Fv2%2Fmedia&parent=207373"}],"wp:term":[{"taxonomy":"category","embeddable":true,"href":"https:\/\/diarioregionaldigital.com.br\/index.php?rest_route=%2Fwp%2Fv2%2Fcategories&post=207373"},{"taxonomy":"post_tag","embeddable":true,"href":"https:\/\/diarioregionaldigital.com.br\/index.php?rest_route=%2Fwp%2Fv2%2Ftags&post=207373"}],"curies":[{"name":"wp","href":"https:\/\/api.w.org\/{rel}","templated":true}]}}