{"id":207370,"date":"2022-12-05T14:18:46","date_gmt":"2022-12-05T17:18:46","guid":{"rendered":"https:\/\/diarioregionaldigital.com.br\/?p=207370"},"modified":"2022-12-05T14:18:46","modified_gmt":"2022-12-05T17:18:46","slug":"rj-quita-ultima-parcela-de-2022-da-divida-de-recuperacao-fiscal","status":"publish","type":"post","link":"https:\/\/diarioregionaldigital.com.br\/?p=207370","title":{"rendered":"RJ quita \u00faltima parcela de 2022 da d\u00edvida de recupera\u00e7\u00e3o fiscal"},"content":{"rendered":"<p>A Secretaria de Fazenda do estado do Rio\u00a0pagou na \u00faltima\u00a0quinta-feira (1)a \u00faltima parcela dos d\u00e9bitos\u00a0relativos\u00a0a 2022, no valor total de\u00a0R$ 292\u00a0milh\u00f5es. Desse montante,\u00a0R$ 257\u00a0milh\u00f5es s\u00e3o relativos \u00e0 d\u00edvida com a Uni\u00e3o pactuada nos termos do novo Regime de Recupera\u00e7\u00e3o Fiscal (RRF).<img decoding=\"async\" src=\"https:\/\/agenciabrasil.ebc.com.br\/ebc.png?id=1496801&amp;o=node\" \/><img decoding=\"async\" src=\"https:\/\/agenciabrasil.ebc.com.br\/ebc.gif?id=1496801&amp;o=node\" \/><\/p>\n<p>O governador Cl\u00e1udio Castro disse que \u201cdesde a homologa\u00e7\u00e3o do regime, o estado vem pagando as presta\u00e7\u00f5es mensalmente, sempre no dia 1\u00ba. \u00c9 a prova do nosso compromisso com a gest\u00e3o respons\u00e1vel das contas p\u00fablicas. O Regime de Recupera\u00e7\u00e3o Fiscal nos permite equacionar as nossas d\u00edvidas e investir no crescimento do Rio\u201d , avaliou.<\/p>\n<p>O RRF termina em\u00a030 de junho\u00a0de 2031, per\u00edodo no qual o estado ter\u00e1 condi\u00e7\u00f5es especiais para o pagamento da d\u00edvida. Dessa maneira,\u00a0ter\u00e1 espa\u00e7o financeiro para manter, por exemplo, os pagamentos de fornecedores e servidores em dia. O prazo total para a quita\u00e7\u00e3o do d\u00e9bito, no valor atual de\u00a0R$ 138,9\u00a0bilh\u00f5es, \u00e9 de 30 anos.<\/p>\n<p>O secret\u00e1rio de Estado de Fazenda, Leonardo Lobo, disse que \u201csomente neste ano, conseguimos pagar cerca de\u00a0R$ 1,6\u00a0bilh\u00e3o da nossa d\u00edvida total. Estamos honrando o nosso compromisso dentro do Regime de Recupera\u00e7\u00e3o Fiscal, que possibilita ao estado iniciar a quita\u00e7\u00e3o do passivo ao mesmo tempo em que reorganiza as suas finan\u00e7as. O secret\u00e1rio acrescentou que, no pr\u00f3ximo ano, a estimativa \u00e9 quitar mais R$ 4,13 bilh\u00f5es apenas de d\u00edvidas relativas ao RRF.<\/p>\n<p>O estado do Rio solicitou ades\u00e3o ao Novo Regime de Recupera\u00e7\u00e3o Fiscal em maio de 2021 e teve o pedido aceito no m\u00eas seguinte. A partir da\u00ed, teve in\u00edcio a elabora\u00e7\u00e3o do Plano de Recupera\u00e7\u00e3o Fiscal, que foi recebendo ajustes em aspectos jur\u00eddicos e econ\u00f4mico-financeiros at\u00e9 ser homologado pelo governo federal em junho deste ano.<\/p>\n<p><span style=\"font-weight: 400;\">Fonte: Ag\u00eancia Brasil <\/span><\/p>\n","protected":false},"excerpt":{"rendered":"<p>A Secretaria de Fazenda do estado do Rio\u00a0pagou na \u00faltima\u00a0quinta-feira (1)a \u00faltima parcela dos d\u00e9bitos\u00a0relativos\u00a0a 2022, no valor total de\u00a0R$ 292\u00a0milh\u00f5es. Desse montante,\u00a0R$ 257\u00a0milh\u00f5es s\u00e3o relativos \u00e0 d\u00edvida com a Uni\u00e3o pactuada nos termos do novo Regime de Recupera\u00e7\u00e3o Fiscal (RRF). O governador Cl\u00e1udio Castro disse que \u201cdesde a homologa\u00e7\u00e3o do regime, o estado vem [&hellip;]<\/p>\n","protected":false},"author":246,"featured_media":207371,"comment_status":"closed","ping_status":"closed","sticky":false,"template":"","format":"standard","meta":{"footnotes":""},"categories":[436,261,439],"tags":[],"class_list":["post-207370","post","type-post","status-publish","format-standard","has-post-thumbnail","hentry","category-destaque-da-semana","category-economia","category-ultima-hora"],"_links":{"self":[{"href":"https:\/\/diarioregionaldigital.com.br\/index.php?rest_route=\/wp\/v2\/posts\/207370","targetHints":{"allow":["GET"]}}],"collection":[{"href":"https:\/\/diarioregionaldigital.com.br\/index.php?rest_route=\/wp\/v2\/posts"}],"about":[{"href":"https:\/\/diarioregionaldigital.com.br\/index.php?rest_route=\/wp\/v2\/types\/post"}],"author":[{"embeddable":true,"href":"https:\/\/diarioregionaldigital.com.br\/index.php?rest_route=\/wp\/v2\/users\/246"}],"replies":[{"embeddable":true,"href":"https:\/\/diarioregionaldigital.com.br\/index.php?rest_route=%2Fwp%2Fv2%2Fcomments&post=207370"}],"version-history":[{"count":1,"href":"https:\/\/diarioregionaldigital.com.br\/index.php?rest_route=\/wp\/v2\/posts\/207370\/revisions"}],"predecessor-version":[{"id":207372,"href":"https:\/\/diarioregionaldigital.com.br\/index.php?rest_route=\/wp\/v2\/posts\/207370\/revisions\/207372"}],"wp:featuredmedia":[{"embeddable":true,"href":"https:\/\/diarioregionaldigital.com.br\/index.php?rest_route=\/wp\/v2\/media\/207371"}],"wp:attachment":[{"href":"https:\/\/diarioregionaldigital.com.br\/index.php?rest_route=%2Fwp%2Fv2%2Fmedia&parent=207370"}],"wp:term":[{"taxonomy":"category","embeddable":true,"href":"https:\/\/diarioregionaldigital.com.br\/index.php?rest_route=%2Fwp%2Fv2%2Fcategories&post=207370"},{"taxonomy":"post_tag","embeddable":true,"href":"https:\/\/diarioregionaldigital.com.br\/index.php?rest_route=%2Fwp%2Fv2%2Ftags&post=207370"}],"curies":[{"name":"wp","href":"https:\/\/api.w.org\/{rel}","templated":true}]}}