{"id":207367,"date":"2022-12-05T14:17:03","date_gmt":"2022-12-05T17:17:03","guid":{"rendered":"https:\/\/diarioregionaldigital.com.br\/?p=207367"},"modified":"2022-12-05T14:17:03","modified_gmt":"2022-12-05T17:17:03","slug":"sebrae-pequenos-negocios-respondem-por-8-em-cada-10-empregos-criados","status":"publish","type":"post","link":"https:\/\/diarioregionaldigital.com.br\/?p=207367","title":{"rendered":"Sebrae: pequenos neg\u00f3cios respondem por 8 em cada 10 empregos criados"},"content":{"rendered":"<p>Levantamento realizado pelo Servi\u00e7o Brasileiro de Apoio \u00e0s Micro e Pequena Empresas (Sebrae) mostra que, em outubro, os pequenos neg\u00f3cios foram respons\u00e1veis por cerca de oito a cada dez novas vagas de trabalho criadas no pa\u00eds. O saldo positivo de empregos gerados por empresas de todo tipo porte no pa\u00eds, nesse per\u00edodo, foi de 159.454, sendo que os pequenos neg\u00f3cios respondem por 125.114 das contrata\u00e7\u00f5es (78,5%).<img decoding=\"async\" src=\"https:\/\/agenciabrasil.ebc.com.br\/ebc.png?id=1496807&amp;o=node\" \/><img decoding=\"async\" src=\"https:\/\/agenciabrasil.ebc.com.br\/ebc.gif?id=1496807&amp;o=node\" \/><\/p>\n<p>\u201cPelo d\u00e9cimo m\u00eas consecutivo, as micro e pequenas empresas apresentaram saldo positivo na gera\u00e7\u00e3o de empregos no pa\u00eds\u201d, avaliou o Sebrae, por meio de nota.<\/p>\n<p>No acumulado de 2022, o pa\u00eds contabiliza 2,3 milh\u00f5es de novos postos de trabalho \u2013 desses, 1,661 milh\u00e3o (71,6%) por meio de micro e pequenas empresas. A participa\u00e7\u00e3o de m\u00e9dias e grandes na gera\u00e7\u00e3o de empregos \u00e9 de 22%, com 513 mil contrata\u00e7\u00f5es.<\/p>\n<h2>Setores<\/h2>\n<p>Entre os sete setores da economia analisados, as micro e pequenas empresas apresentaram saldo positivo em todos, enquanto m\u00e9dias e grandes empresas\u00a0registraram saldo negativo na constru\u00e7\u00e3o civil e na extrativa mineral. Na \u00e1rea de servi\u00e7os, por exemplo, o saldo de contrata\u00e7\u00f5es dos pequenos neg\u00f3cios foi de 60,2 mil, enquanto m\u00e9dias e grandes empresas aumentaram seus quadros em 29,1 mil novos contratados.<\/p>\n<p>As contrata\u00e7\u00f5es pelos pequenos neg\u00f3cios no com\u00e9rcio tamb\u00e9m foram bem superiores: quase cinco vezes mais do que a de m\u00e9dias e grandes \u2013 39,1 mil contra 8,3 mil, respectivamente.<\/p>\n<p>No acumulado de 2022, as micro e pequenas empresas do setor de servi\u00e7os foram as que mais contrataram, com 850.781 novos empregos, al\u00e9m de 274.679 postos na constru\u00e7\u00e3o civil e 262.143 no com\u00e9rcio.<\/p>\n<p><span style=\"font-weight: 400;\"><br \/>\n<\/span><span style=\"font-weight: 400;\">Fonte: Ag\u00eancia Brasil<\/span><\/p>\n","protected":false},"excerpt":{"rendered":"<p>Levantamento realizado pelo Servi\u00e7o Brasileiro de Apoio \u00e0s Micro e Pequena Empresas (Sebrae) mostra que, em outubro, os pequenos neg\u00f3cios foram respons\u00e1veis por cerca de oito a cada dez novas vagas de trabalho criadas no pa\u00eds. O saldo positivo de empregos gerados por empresas de todo tipo porte no pa\u00eds, nesse per\u00edodo, foi de 159.454, [&hellip;]<\/p>\n","protected":false},"author":246,"featured_media":207368,"comment_status":"closed","ping_status":"closed","sticky":false,"template":"","format":"standard","meta":{"footnotes":""},"categories":[436,261,439],"tags":[],"class_list":["post-207367","post","type-post","status-publish","format-standard","has-post-thumbnail","hentry","category-destaque-da-semana","category-economia","category-ultima-hora"],"_links":{"self":[{"href":"https:\/\/diarioregionaldigital.com.br\/index.php?rest_route=\/wp\/v2\/posts\/207367","targetHints":{"allow":["GET"]}}],"collection":[{"href":"https:\/\/diarioregionaldigital.com.br\/index.php?rest_route=\/wp\/v2\/posts"}],"about":[{"href":"https:\/\/diarioregionaldigital.com.br\/index.php?rest_route=\/wp\/v2\/types\/post"}],"author":[{"embeddable":true,"href":"https:\/\/diarioregionaldigital.com.br\/index.php?rest_route=\/wp\/v2\/users\/246"}],"replies":[{"embeddable":true,"href":"https:\/\/diarioregionaldigital.com.br\/index.php?rest_route=%2Fwp%2Fv2%2Fcomments&post=207367"}],"version-history":[{"count":1,"href":"https:\/\/diarioregionaldigital.com.br\/index.php?rest_route=\/wp\/v2\/posts\/207367\/revisions"}],"predecessor-version":[{"id":207369,"href":"https:\/\/diarioregionaldigital.com.br\/index.php?rest_route=\/wp\/v2\/posts\/207367\/revisions\/207369"}],"wp:featuredmedia":[{"embeddable":true,"href":"https:\/\/diarioregionaldigital.com.br\/index.php?rest_route=\/wp\/v2\/media\/207368"}],"wp:attachment":[{"href":"https:\/\/diarioregionaldigital.com.br\/index.php?rest_route=%2Fwp%2Fv2%2Fmedia&parent=207367"}],"wp:term":[{"taxonomy":"category","embeddable":true,"href":"https:\/\/diarioregionaldigital.com.br\/index.php?rest_route=%2Fwp%2Fv2%2Fcategories&post=207367"},{"taxonomy":"post_tag","embeddable":true,"href":"https:\/\/diarioregionaldigital.com.br\/index.php?rest_route=%2Fwp%2Fv2%2Ftags&post=207367"}],"curies":[{"name":"wp","href":"https:\/\/api.w.org\/{rel}","templated":true}]}}