{"id":207364,"date":"2022-12-05T14:14:46","date_gmt":"2022-12-05T17:14:46","guid":{"rendered":"https:\/\/diarioregionaldigital.com.br\/?p=207364"},"modified":"2022-12-05T15:14:34","modified_gmt":"2022-12-05T18:14:34","slug":"projecao-de-inflacao-oficial-para-2022-sobe-de-591-para-592","status":"publish","type":"post","link":"https:\/\/diarioregionaldigital.com.br\/?p=207364","title":{"rendered":"Proje\u00e7\u00e3o de infla\u00e7\u00e3o oficial para 2022 sobe de 5,91% para 5,92%"},"content":{"rendered":"<p>A infla\u00e7\u00e3o oficial, medida pelo \u00cdndice Nacional de Pre\u00e7os ao Consumidor Amplo (IPCA), deve fechar este ano em 5,92%, segundo previs\u00e3o feita por institui\u00e7\u00f5es financeiras e publicada\u00a0<span id=\"OBJ_PREFIX_DWT1931_com_zimbra_date\" role=\"link\">hoje<\/span>\u00a0(5) no\u00a0<em>boletim Focus<\/em>, do Banco Central (BC). O documento \u00e9 divulgado semanalmente. Na \u00faltima edi\u00e7\u00e3o, a proje\u00e7\u00e3o era de 5,91%.<img decoding=\"async\" src=\"https:\/\/agenciabrasil.ebc.com.br\/ebc.png?id=1496788&amp;o=node\" \/><img decoding=\"async\" src=\"https:\/\/agenciabrasil.ebc.com.br\/ebc.gif?id=1496788&amp;o=node\" \/><\/p>\n<p>A estimativa para 2023 tamb\u00e9m subiu, de 5,02% para 5,08%. J\u00e1 as proje\u00e7\u00f5es para 2024 e 2025, foram mantidas em 3,5% e 3%, respectivamente.<\/p>\n<p>A previs\u00e3o para 2022 est\u00e1 acima do teto da meta de infla\u00e7\u00e3o definida pelo Conselho Monet\u00e1rio Nacional do BC, que \u00e9 de 2% a 5%. Da mesma forma, a proje\u00e7\u00e3o do mercado para a infla\u00e7\u00e3o de 2023 tamb\u00e9m est\u00e1 acima do teto previsto.<\/p>\n<h2>PIB<\/h2>\n<p>O\u00a0<em>boletim Focus<\/em>\u00a0tamb\u00e9m mostra que as institui\u00e7\u00f5es financeiras elevaram a proje\u00e7\u00e3o\u00a0do Produto Interno Bruto (PIB) &#8211; a soma de todos os bens e servi\u00e7os produzidos no pa\u00eds &#8211; para este ano, de 2,81% para 3,05%.<\/p>\n<p>Para 2023, a expectativa \u00e9 que a economia brasileira cres\u00e7a 0,75%, previs\u00e3o acima da que foi feita na semana anterior (0,70%). Para 2024 e 2025, o mercado financeiro projeta expans\u00f5es do PIB em 1,71% e 2%, respectivamente.<\/p>\n<h2>Taxa de juros<\/h2>\n<p>A taxa b\u00e1sica de juros (Selic) deve fechar o ano nos atuais 13,75% ao ano, a mesma previs\u00e3o da semana anterior. As \u00faltimas reuni\u00f5es do Comit\u00ea de Pol\u00edtica Monet\u00e1ria (Copom) do Banco Central, que define a taxa Selic, ser\u00e3o amanh\u00e3 (6) e\u00a0<span id=\"OBJ_PREFIX_DWT1932_com_zimbra_date\" role=\"link\">quarta<\/span>-feira (7).<\/p>\n<p>A previs\u00e3o do\u00a0<em>boletim Focus<\/em>\u00a0para 2023 \u00e9 que a Selic fique em 11,75%, acima dos 11,5% projetados na semana passada. A estimativa para 2024 tamb\u00e9m subiu, de 8,25% na \u00faltima semana para 8,50% nesta semana. Para 2025, foi mantida a previs\u00e3o da Selic em 8% ao ano.<\/p>\n<h2>C\u00e2mbio<\/h2>\n<p>Em rela\u00e7\u00e3o \u00e0 taxa de c\u00e2mbio, as institui\u00e7\u00f5es financeiras preveem que o d\u00f3lar encerre o ano com cota\u00e7\u00e3o de R$ 5,25, abaixo dos R$ 5,27 da semana passada. Em 2023, a proje\u00e7\u00e3o de R$ 5,25 foi mantida. Nos dois anos seguintes, houve eleva\u00e7\u00e3o das proje\u00e7\u00f5es: de R$ 5,20 para R$ 5,23 em 2024 e de R$ 5,20 para R$ 5,21 em 2025.<\/p>\n<p><span style=\"font-weight: 400;\"><br \/>\n<\/span><span style=\"font-weight: 400;\">Fonte: Ag\u00eancia Brasil\u00a0<\/span><span style=\"font-weight: 400;\"><br \/>\n<\/span><\/p>\n","protected":false},"excerpt":{"rendered":"<p>A infla\u00e7\u00e3o oficial, medida pelo \u00cdndice Nacional de Pre\u00e7os ao Consumidor Amplo (IPCA), deve fechar este ano em 5,92%, segundo previs\u00e3o feita por institui\u00e7\u00f5es financeiras e publicada\u00a0hoje\u00a0(5) no\u00a0boletim Focus, do Banco Central (BC). O documento \u00e9 divulgado semanalmente. Na \u00faltima edi\u00e7\u00e3o, a proje\u00e7\u00e3o era de 5,91%. A estimativa para 2023 tamb\u00e9m subiu, de 5,02% para [&hellip;]<\/p>\n","protected":false},"author":246,"featured_media":207365,"comment_status":"closed","ping_status":"closed","sticky":false,"template":"","format":"standard","meta":{"footnotes":""},"categories":[436,440,261,439],"tags":[],"class_list":["post-207364","post","type-post","status-publish","format-standard","has-post-thumbnail","hentry","category-destaque-da-semana","category-destaques-do-dia","category-economia","category-ultima-hora"],"_links":{"self":[{"href":"https:\/\/diarioregionaldigital.com.br\/index.php?rest_route=\/wp\/v2\/posts\/207364","targetHints":{"allow":["GET"]}}],"collection":[{"href":"https:\/\/diarioregionaldigital.com.br\/index.php?rest_route=\/wp\/v2\/posts"}],"about":[{"href":"https:\/\/diarioregionaldigital.com.br\/index.php?rest_route=\/wp\/v2\/types\/post"}],"author":[{"embeddable":true,"href":"https:\/\/diarioregionaldigital.com.br\/index.php?rest_route=\/wp\/v2\/users\/246"}],"replies":[{"embeddable":true,"href":"https:\/\/diarioregionaldigital.com.br\/index.php?rest_route=%2Fwp%2Fv2%2Fcomments&post=207364"}],"version-history":[{"count":2,"href":"https:\/\/diarioregionaldigital.com.br\/index.php?rest_route=\/wp\/v2\/posts\/207364\/revisions"}],"predecessor-version":[{"id":207410,"href":"https:\/\/diarioregionaldigital.com.br\/index.php?rest_route=\/wp\/v2\/posts\/207364\/revisions\/207410"}],"wp:featuredmedia":[{"embeddable":true,"href":"https:\/\/diarioregionaldigital.com.br\/index.php?rest_route=\/wp\/v2\/media\/207365"}],"wp:attachment":[{"href":"https:\/\/diarioregionaldigital.com.br\/index.php?rest_route=%2Fwp%2Fv2%2Fmedia&parent=207364"}],"wp:term":[{"taxonomy":"category","embeddable":true,"href":"https:\/\/diarioregionaldigital.com.br\/index.php?rest_route=%2Fwp%2Fv2%2Fcategories&post=207364"},{"taxonomy":"post_tag","embeddable":true,"href":"https:\/\/diarioregionaldigital.com.br\/index.php?rest_route=%2Fwp%2Fv2%2Ftags&post=207364"}],"curies":[{"name":"wp","href":"https:\/\/api.w.org\/{rel}","templated":true}]}}