{"id":207358,"date":"2022-12-04T06:00:05","date_gmt":"2022-12-04T09:00:05","guid":{"rendered":"https:\/\/diarioregionaldigital.com.br\/?p=207358"},"modified":"2022-12-02T23:26:04","modified_gmt":"2022-12-03T02:26:04","slug":"a-universidade-do-trabalhador","status":"publish","type":"post","link":"https:\/\/diarioregionaldigital.com.br\/?p=207358","title":{"rendered":"A Universidade do Trabalhador"},"content":{"rendered":"<p>Uma ideia que anima o esp\u00edrito do vice-presidente Geraldo Alckmin \u00e9 a da cria\u00e7\u00e3o da Universidade do Trabalhador, que j\u00e1 andou h\u00e1 tempos pelo nosso pa\u00eds. Sabemos que o presidente Lula tem simpatia pela iniciativa.<\/p>\n<p>Por interm\u00e9dio do amigo Nelson Valente fiz chegar ao vice-presidente um coment\u00e1rio \u00e0 Universidade do Trabalhador. Na ocasi\u00e3o comentei a minha visita feita \u00e0 Escola ORT de Israel, em Tel Aviv, quando vi com os pr\u00f3prios olhos de que forma o assunto \u00e9 tratado naquelas bandas. S\u00e3o nada \u00a0menos de 5 mil alunos, conhecendo em pormenores os cuidados com as maravilhas do desenvolvimento cient\u00edfico e tecnol\u00f3gico. Hoje em dia, ministram ensinamentos de rob\u00f3tica, inform\u00e1tica, internet, tecnologia 5G e tudo o mais que possa ser essencial para o futuro aprendizado.<\/p>\n<p>Mas nem todos os alunos seguem para o curso superior.\u00a0 Na verdade, 2\/3 permanecem em n\u00edvel intermedi\u00e1rio, pois o mercado propicia boas oportunidades de emprego. S\u00f3 1\/3 \u00e9 que avan\u00e7a para o ensino superior, onde se abrem outras chances de uma compensat\u00f3ria atividade remunerada. \u00c9 o que se pode chamar de Universidade do Trabalhador, que l\u00e1 funciona de verdade.<\/p>\n<p>O que deve ser destacado, na discuss\u00e3o sobre o assunto, \u00e9 que o \u00eaxito da ideia vai depender, basicamente, de um refor\u00e7ado ensino m\u00e9dio. Estamos verificando que, hoje em dia, o sistema brasileiro padece de uma grave defici\u00eancia. Cerca de 2 milh\u00f5es de jovens deixam a escola sem conseguir resolver problemas corriqueiros de percentagem ou aplicar com corre\u00e7\u00e3o o conhecid\u00edssimo Teorema de Pit\u00e1goras (envolvendo hipotenusa e catetos).<\/p>\n<p>\u00c9 claro que isso atinge diretamente a qualidade dos cursos de Pedagogia e a precariedade com que s\u00e3o nomeados os dirigentes das nossas Secretarias de Educa\u00e7\u00e3o.\u00a0 Onde entra indevidamente a pol\u00edtica, sai a\u00a0 qualidade por outra porta.<\/p>\n<p>Sabemos que o problema atinge n\u00e3o somente a ci\u00eancia do racioc\u00ednio (a Matem\u00e1tica), mas outras mat\u00e9rias, notadamente a indispens\u00e1vel l\u00edngua portuguesa. H\u00e1 exemplos positivos em nosso sistema, como o que aconteceu no Estado de Alagoas (projeto Cart\u00e3o Escola 10). Por que\u00a0 n\u00e3o generalizar isso?<\/p>\n","protected":false},"excerpt":{"rendered":"<p>Uma ideia que anima o esp\u00edrito do vice-presidente Geraldo Alckmin \u00e9 a da cria\u00e7\u00e3o da Universidade do Trabalhador, que j\u00e1 andou h\u00e1 tempos pelo nosso pa\u00eds. Sabemos que o presidente Lula tem simpatia pela iniciativa. Por interm\u00e9dio do amigo Nelson Valente fiz chegar ao vice-presidente um coment\u00e1rio \u00e0 Universidade do Trabalhador. Na ocasi\u00e3o comentei a [&hellip;]<\/p>\n","protected":false},"author":96,"featured_media":0,"comment_status":"closed","ping_status":"closed","sticky":false,"template":"","format":"standard","meta":{"footnotes":""},"categories":[275],"tags":[],"class_list":["post-207358","post","type-post","status-publish","format-standard","hentry","category-arnaldo-niskier"],"_links":{"self":[{"href":"https:\/\/diarioregionaldigital.com.br\/index.php?rest_route=\/wp\/v2\/posts\/207358","targetHints":{"allow":["GET"]}}],"collection":[{"href":"https:\/\/diarioregionaldigital.com.br\/index.php?rest_route=\/wp\/v2\/posts"}],"about":[{"href":"https:\/\/diarioregionaldigital.com.br\/index.php?rest_route=\/wp\/v2\/types\/post"}],"author":[{"embeddable":true,"href":"https:\/\/diarioregionaldigital.com.br\/index.php?rest_route=\/wp\/v2\/users\/96"}],"replies":[{"embeddable":true,"href":"https:\/\/diarioregionaldigital.com.br\/index.php?rest_route=%2Fwp%2Fv2%2Fcomments&post=207358"}],"version-history":[{"count":1,"href":"https:\/\/diarioregionaldigital.com.br\/index.php?rest_route=\/wp\/v2\/posts\/207358\/revisions"}],"predecessor-version":[{"id":207359,"href":"https:\/\/diarioregionaldigital.com.br\/index.php?rest_route=\/wp\/v2\/posts\/207358\/revisions\/207359"}],"wp:attachment":[{"href":"https:\/\/diarioregionaldigital.com.br\/index.php?rest_route=%2Fwp%2Fv2%2Fmedia&parent=207358"}],"wp:term":[{"taxonomy":"category","embeddable":true,"href":"https:\/\/diarioregionaldigital.com.br\/index.php?rest_route=%2Fwp%2Fv2%2Fcategories&post=207358"},{"taxonomy":"post_tag","embeddable":true,"href":"https:\/\/diarioregionaldigital.com.br\/index.php?rest_route=%2Fwp%2Fv2%2Ftags&post=207358"}],"curies":[{"name":"wp","href":"https:\/\/api.w.org\/{rel}","templated":true}]}}