{"id":207351,"date":"2022-12-02T20:10:40","date_gmt":"2022-12-02T23:10:40","guid":{"rendered":"https:\/\/diarioregionaldigital.com.br\/?p=207351"},"modified":"2022-12-02T20:10:40","modified_gmt":"2022-12-02T23:10:40","slug":"programa-boniteza-realiza-96-intervencoes-nesta-sexta-2","status":"publish","type":"post","link":"https:\/\/diarioregionaldigital.com.br\/?p=207351","title":{"rendered":"Programa Boniteza realiza 96 interven\u00e7\u00f5es nesta sexta, 2"},"content":{"rendered":"<p>Segundo informa\u00e7\u00f5es do site da Prefeitura de Juiz de Fora (PJF), o\u00a0Programa Boniteza da Prefeitura de Juiz de Fora (PJF) opera em 96 interven\u00e7\u00f5es nesta sexta-feira, 2.<\/p>\n<p><strong>Obras<\/strong><\/p>\n<p>Os Departamentos de Opera\u00e7\u00e3o e Manuten\u00e7\u00e3o em Obras (Domo) e de Estradas Vicinais da Secretaria de Obras t\u00eam previstas 11 a\u00e7\u00f5es.<\/p>\n<p><strong>Interven\u00e7\u00f5es em continuidade:<\/strong><br \/>\n&#8211; Limpeza de boca de lobo &#8211; Rua Marcelino de Oliveira &#8211; S\u00e3o Benedito<\/p>\n<p>&#8211; Corre\u00e7\u00e3o de eros\u00e3o &#8211; Rua Santo Ant\u00f4nio &#8211; Centro<\/p>\n<p>&#8211; Coloca\u00e7\u00e3o de grade de concreto no mergulh\u00e3o &#8211; Centro<\/p>\n<p>&#8211; Coloca\u00e7\u00e3o de meio fio &#8211; Rua Sebasti\u00e3o Garcia<\/p>\n<p>&#8211; Coloca\u00e7\u00e3o de meio fio &#8211; Rua Afonso Garcia<\/p>\n<p>&#8211; Corre\u00e7\u00e3o de eros\u00e3o &#8211; Rua Santa L\u00facia &#8211; Grama<\/p>\n<p><strong>Novas interven\u00e7\u00f5es:<\/strong><\/p>\n<p>&#8211; Corre\u00e7\u00e3o de eros\u00e3o &#8211; Rua Goi\u00e1s &#8211; S\u00e3o Bernardo<\/p>\n<p>&#8211; Execu\u00e7\u00e3o de rede de drenagem &#8211; Rua Fernando Lamarca &#8211; Distrito<\/p>\n<p>&#8211; Limpeza de boca de lobo &#8211; Rua Governador Valadares &#8211; Manoel Hon\u00f3rio<\/p>\n<p>&#8211; Limpeza de boca de lobo &#8211; Rua Vitar Maria de Oliveira &#8211; Progresso<\/p>\n<p>&#8211; Desobstru\u00e7\u00e3o de rede de drenagem &#8211; Rua do cedro &#8211; Floresta<\/p>\n<p><strong>Ilumina\u00e7\u00e3o P\u00fablica<\/strong><\/p>\n<p>O departamento de Ilumina\u00e7\u00e3o P\u00fablica da PJF d\u00e1 continuidade \u00e0s a\u00e7\u00f5es com a previs\u00e3o de trocas de 85 l\u00e2mpadas em todas as regi\u00f5es.<br \/>\n<strong>Monte Castelo<\/strong><\/p>\n<p>Rua Branca Mascarenhas<\/p>\n<p>Rua Chico Humait\u00e1<\/p>\n<p>Rua Pedro Ronzani<\/p>\n<p>Rua Nicolau Capelle<\/p>\n<p>Rua Baturit\u00e9<\/p>\n<p>Rua Maestro Jos\u00e9 Quirino<\/p>\n<p>Rua Oswaldo Mascarenhas<\/p>\n<p>Rua Paulo Moreira Guedes<\/p>\n<p>Rua Luiz Baltasar \u00c9berle<\/p>\n<p><strong>Centen\u00e1rio<\/strong><\/p>\n<p>Rua Doutor L\u00edvio De Oliveira Motta<\/p>\n<p>Rua Francisco Foini<\/p>\n<p>Rua S\u00e3o Domingos S\u00e1vio<\/p>\n<p>Rua Oscar Ribeiro<\/p>\n<p>Rua Ant\u00f4nio Celeste<\/p>\n<p><strong>Granjas Bethania<\/strong><\/p>\n<p>Rua Jos\u00e9 Lino<\/p>\n<p>Rua Otac\u00edlio Esteves Da Silva<\/p>\n<p>Rua Nove De Julho<\/p>\n<p>Rua C<\/p>\n<p>Rua Jo\u00e3o Rosa De Ara\u00fajo<\/p>\n<p>Rua Jos\u00e9 Irineu Dos Reis<\/p>\n<p><strong>Santa Rita<\/strong><\/p>\n<p>Rua Ouro Fino<\/p>\n<p>Rua Odilon Ara\u00fajo<\/p>\n<p><strong>J\u00f3quei Clube I<\/strong><\/p>\n<p>Rua Jos\u00e9 Bas\u00edlio Da Costa<\/p>\n<p>Rua Vidal Barbosa Lage<\/p>\n<p>Rua Luiz Ant\u00f4nio Scoralick<\/p>\n<p><strong>Esplanada<\/strong><\/p>\n<p>Rua Bias Fortes<\/p>\n<p>Rua Luiz Baltazar Eberle<\/p>\n<p>Rua Luis Andr\u00e9 Hagen<\/p>\n<p><strong>S\u00e3o Tarc\u00edsio<\/strong><\/p>\n<p>Rua S\u00e3o Pancr\u00e1cio<\/p>\n<p>Rua Augusto Vicente Vieira<\/p>\n<p><strong>Graja\u00fa<\/strong><\/p>\n<p>Avenida Nossa Senhora Do L\u00edbano<\/p>\n<p>Rua Wady Abdo Farah<\/p>\n<p>Rua Miguel Jacob<\/p>\n<p><strong>Quintas Da Avenida<\/strong><\/p>\n<p>Estrada Mg353<\/p>\n<p><strong>Monte Verde<\/strong><\/p>\n<p>Mg353 prainha De Monte Verde Rua Dos Pe\u00f5es<\/p>\n<p><strong>Mg 353<\/strong><\/p>\n<p>Condom\u00ednio Prainha De Monte Verde Rua: Beija Flor<\/p>\n<p><strong>Santa Terezinha<\/strong><\/p>\n<p>Rua Coronel Miranda<\/p>\n<p>Rua Tupi<\/p>\n<p><strong>Nova Era<\/strong><\/p>\n<p>Rua Doutor Dias Da Cruz<\/p>\n<p>Rua Dos Rodovi\u00e1rios<\/p>\n<p>Travessa Da Conc\u00f3rdia<\/p>\n<p><strong>Eldorado<\/strong><\/p>\n<p>Beco Francisco Moreira Guedes<\/p>\n<p>Rua Nossa Senhora Do Perp\u00e9tuo Socorro<\/p>\n<p><strong>Parque Guarani<\/strong><\/p>\n<p>Rua Miguel Gustavo<\/p>\n<p><strong>J\u00f3quei Clube II<\/strong><\/p>\n<p>Rua Sebastiana Rosa Freitas<\/p>\n<p><strong>Bonfim<\/strong><\/p>\n<p>Rua Alvino Ferreira Toledo<\/p>\n<p>Bar\u00e3o Do Retiro<\/p>\n<p>&nbsp;<\/p>\n<p><strong>Gabinete de A\u00e7\u00e3o e Di\u00e1logo Comunit\u00e1rio<\/strong><\/p>\n<p>As a\u00e7\u00f5es da Secretaria de Obras s\u00e3o realizadas atrav\u00e9s do Gabinete de A\u00e7\u00e3o e Di\u00e1logo Comunit\u00e1rio, que recebe demandas de melhorias urbanas pelo n\u00famero (32) 3690-7241, por liga\u00e7\u00e3o ou WhatsApp.<\/p>\n<p>No\u00a0<a href=\"https:\/\/www.pjf.mg.gov.br\/gabinetecomunitario\/\"><strong>site do gabinete<\/strong><\/a>, est\u00e3o dispon\u00edveis informa\u00e7\u00f5es atualizadas\u00a0 diariamente sobre os servi\u00e7os realizados pelas secretarias de Obras (SO); de Sustentabilidade em Meio Ambiente e Atividades Urbanas (Sesmaur); de Mobilidade Urbana (SMU); e pela\u00a0 Empresa Municipal de Pavimenta\u00e7\u00e3o e Urbaniza\u00e7\u00e3o (Empav); Departamento Municipal de Limpeza Urbana (Demlurb); e Companhia de Saneamento Municipal (Cesama).<\/p>\n<p>&nbsp;<\/p>\n<p>&nbsp;<\/p>\n","protected":false},"excerpt":{"rendered":"<p>Segundo informa\u00e7\u00f5es do site da Prefeitura de Juiz de Fora (PJF), o\u00a0Programa Boniteza da Prefeitura de Juiz de Fora (PJF) opera em 96 interven\u00e7\u00f5es nesta sexta-feira, 2. Obras Os Departamentos de Opera\u00e7\u00e3o e Manuten\u00e7\u00e3o em Obras (Domo) e de Estradas Vicinais da Secretaria de Obras t\u00eam previstas 11 a\u00e7\u00f5es. Interven\u00e7\u00f5es em continuidade: &#8211; Limpeza de [&hellip;]<\/p>\n","protected":false},"author":246,"featured_media":207352,"comment_status":"closed","ping_status":"closed","sticky":false,"template":"","format":"standard","meta":{"footnotes":""},"categories":[253,436,439],"tags":[],"class_list":["post-207351","post","type-post","status-publish","format-standard","has-post-thumbnail","hentry","category-cidade","category-destaque-da-semana","category-ultima-hora"],"_links":{"self":[{"href":"https:\/\/diarioregionaldigital.com.br\/index.php?rest_route=\/wp\/v2\/posts\/207351","targetHints":{"allow":["GET"]}}],"collection":[{"href":"https:\/\/diarioregionaldigital.com.br\/index.php?rest_route=\/wp\/v2\/posts"}],"about":[{"href":"https:\/\/diarioregionaldigital.com.br\/index.php?rest_route=\/wp\/v2\/types\/post"}],"author":[{"embeddable":true,"href":"https:\/\/diarioregionaldigital.com.br\/index.php?rest_route=\/wp\/v2\/users\/246"}],"replies":[{"embeddable":true,"href":"https:\/\/diarioregionaldigital.com.br\/index.php?rest_route=%2Fwp%2Fv2%2Fcomments&post=207351"}],"version-history":[{"count":1,"href":"https:\/\/diarioregionaldigital.com.br\/index.php?rest_route=\/wp\/v2\/posts\/207351\/revisions"}],"predecessor-version":[{"id":207353,"href":"https:\/\/diarioregionaldigital.com.br\/index.php?rest_route=\/wp\/v2\/posts\/207351\/revisions\/207353"}],"wp:featuredmedia":[{"embeddable":true,"href":"https:\/\/diarioregionaldigital.com.br\/index.php?rest_route=\/wp\/v2\/media\/207352"}],"wp:attachment":[{"href":"https:\/\/diarioregionaldigital.com.br\/index.php?rest_route=%2Fwp%2Fv2%2Fmedia&parent=207351"}],"wp:term":[{"taxonomy":"category","embeddable":true,"href":"https:\/\/diarioregionaldigital.com.br\/index.php?rest_route=%2Fwp%2Fv2%2Fcategories&post=207351"},{"taxonomy":"post_tag","embeddable":true,"href":"https:\/\/diarioregionaldigital.com.br\/index.php?rest_route=%2Fwp%2Fv2%2Ftags&post=207351"}],"curies":[{"name":"wp","href":"https:\/\/api.w.org\/{rel}","templated":true}]}}