{"id":207348,"date":"2022-12-02T20:08:36","date_gmt":"2022-12-02T23:08:36","guid":{"rendered":"https:\/\/diarioregionaldigital.com.br\/?p=207348"},"modified":"2022-12-02T20:08:36","modified_gmt":"2022-12-02T23:08:36","slug":"pesquisa-de-demanda-turistica-auxiliara-juiz-de-fora-no-planejamento-do-turismo","status":"publish","type":"post","link":"https:\/\/diarioregionaldigital.com.br\/?p=207348","title":{"rendered":"Pesquisa de demanda tur\u00edstica auxiliar\u00e1 Juiz de Fora no planejamento do turismo"},"content":{"rendered":"<p>Segundo informa\u00e7\u00f5es do site da Prefeitura de Juiz de Fora (PJF), a Secretaria de Estado de Cultura e Turismo (Secult) divulgou os resultados da Pesquisa de Demanda Tur\u00edstica \u2013 Alta Temporada de 2022, realizada entre os dias 7 e 31 de julho de 2022. Foram ouvidos turistas e excursionistas de 52 cidades, entre elas Juiz de Fora, onde foram entrevistadas 332 pessoas. O objetivo da pesquisa \u00e9 coletar informa\u00e7\u00f5es sobre o perfil, n\u00edvel socioecon\u00f4mico, motiva\u00e7\u00e3o, expectativa em rela\u00e7\u00e3o aos servi\u00e7os e produtos oferecidos ao turista durante sua estadia, bem como os gastos financeiros.<\/p>\n<p>A pesquisa realizada pela\u00a0Secult\u00a0\u00e9 importante para o munic\u00edpio, pois esses indicadores ajudar\u00e3o a Secretaria de Turismo (Setur) a planejar a\u00e7\u00f5es visando ao desenvolvimento tur\u00edstico de forma sustent\u00e1vel e respons\u00e1vel. A pesquisa completa feita pela Secult abrangendo 52 cidades pode ser acessada pelo\u00a0<a href=\"https:\/\/www.observatorioturismo.mg.gov.br\/?p=5313\"><strong>link<\/strong><\/a>.<\/p>\n<p>O p\u00fablico feminino correspondeu a 58,7% dos entrevistados e 41,3% foram do sexo masculino. Por faixa et\u00e1ria, 29,2% dos visitantes possu\u00edam de 25 a 36 anos. De acordo com o levantamento, 50% dos entrevistados declararam ser solteiros, com renda que varia de um a tr\u00eas sal\u00e1rios m\u00ednimos (32,5%) e possu\u00edam como principal motiva\u00e7\u00e3o de viagem visitar amigos e parentes (55,1%), al\u00e9m de participarem de\u00a0<em>shows\u00a0<\/em>e eventos na cidade (40%). Os n\u00fameros evidenciam o grande potencial de entretenimento noturno de Juiz de Fora.<\/p>\n<p>Em sua maioria, os participantes da pesquisa viajaram sozinhos (60,2%), por conta pr\u00f3pria e pernoitaram em Juiz de Fora por, no m\u00ednimo, duas noites, sendo que 71% dos turistas e excursionistas se hospedaram na casa de amigos e parentes, enquanto 23% ficaram em hotel e pousada. O gasto m\u00ednimo di\u00e1rio variou entre R$ 100 e R$ 200. Em rela\u00e7\u00e3o ao meio de locomo\u00e7\u00e3o para chegar a Juiz de Fora, 85,5% disseram utilizar \u00f4nibus.<\/p>\n<p>Em rela\u00e7\u00e3o \u00e0 imagem de Juiz de Fora, itens como gastronomia, com\u00e9rcio, qualidade da hospedagem, hospitalidade, op\u00e7\u00f5es de lazer e entretenimento, al\u00e9m do acesso ao munic\u00edpio, foram muito bem avaliados, com nota m\u00e9dia variando entre oito e dez pontos. O interesse em retornar a Juiz de Fora chegou a 95,8% dos entrevistados, que pretendem voltar \u00e0 cidade nos pr\u00f3ximos dois anos. O objetivo das visitas \u00e9 rever amigos e parentes, realizar consultas m\u00e9dicas, estudos, cursos e lazer, entre outras atividades.<\/p>\n","protected":false},"excerpt":{"rendered":"<p>Segundo informa\u00e7\u00f5es do site da Prefeitura de Juiz de Fora (PJF), a Secretaria de Estado de Cultura e Turismo (Secult) divulgou os resultados da Pesquisa de Demanda Tur\u00edstica \u2013 Alta Temporada de 2022, realizada entre os dias 7 e 31 de julho de 2022. Foram ouvidos turistas e excursionistas de 52 cidades, entre elas Juiz [&hellip;]<\/p>\n","protected":false},"author":246,"featured_media":207349,"comment_status":"closed","ping_status":"closed","sticky":false,"template":"","format":"standard","meta":{"footnotes":""},"categories":[253,436,439],"tags":[],"class_list":["post-207348","post","type-post","status-publish","format-standard","has-post-thumbnail","hentry","category-cidade","category-destaque-da-semana","category-ultima-hora"],"_links":{"self":[{"href":"https:\/\/diarioregionaldigital.com.br\/index.php?rest_route=\/wp\/v2\/posts\/207348","targetHints":{"allow":["GET"]}}],"collection":[{"href":"https:\/\/diarioregionaldigital.com.br\/index.php?rest_route=\/wp\/v2\/posts"}],"about":[{"href":"https:\/\/diarioregionaldigital.com.br\/index.php?rest_route=\/wp\/v2\/types\/post"}],"author":[{"embeddable":true,"href":"https:\/\/diarioregionaldigital.com.br\/index.php?rest_route=\/wp\/v2\/users\/246"}],"replies":[{"embeddable":true,"href":"https:\/\/diarioregionaldigital.com.br\/index.php?rest_route=%2Fwp%2Fv2%2Fcomments&post=207348"}],"version-history":[{"count":1,"href":"https:\/\/diarioregionaldigital.com.br\/index.php?rest_route=\/wp\/v2\/posts\/207348\/revisions"}],"predecessor-version":[{"id":207350,"href":"https:\/\/diarioregionaldigital.com.br\/index.php?rest_route=\/wp\/v2\/posts\/207348\/revisions\/207350"}],"wp:featuredmedia":[{"embeddable":true,"href":"https:\/\/diarioregionaldigital.com.br\/index.php?rest_route=\/wp\/v2\/media\/207349"}],"wp:attachment":[{"href":"https:\/\/diarioregionaldigital.com.br\/index.php?rest_route=%2Fwp%2Fv2%2Fmedia&parent=207348"}],"wp:term":[{"taxonomy":"category","embeddable":true,"href":"https:\/\/diarioregionaldigital.com.br\/index.php?rest_route=%2Fwp%2Fv2%2Fcategories&post=207348"},{"taxonomy":"post_tag","embeddable":true,"href":"https:\/\/diarioregionaldigital.com.br\/index.php?rest_route=%2Fwp%2Fv2%2Ftags&post=207348"}],"curies":[{"name":"wp","href":"https:\/\/api.w.org\/{rel}","templated":true}]}}