{"id":207344,"date":"2022-12-02T20:06:23","date_gmt":"2022-12-02T23:06:23","guid":{"rendered":"https:\/\/diarioregionaldigital.com.br\/?p=207344"},"modified":"2022-12-02T20:06:23","modified_gmt":"2022-12-02T23:06:23","slug":"trabalho-da-delegacia-especializada-de-atendimento-a-mulher-e-destaque-no-cultura-de-paz-entrevista","status":"publish","type":"post","link":"https:\/\/diarioregionaldigital.com.br\/?p=207344","title":{"rendered":"Trabalho da Delegacia Especializada de Atendimento \u00e0 Mulher \u00e9 destaque no \u201cCultura de Paz Entrevista"},"content":{"rendered":"<p>Segundo informa\u00e7\u00f5es do site da Prefeitura de Juiz de Fora (PJF), \u201cToda e qualquer tipo de viol\u00eancia \u00e9 grave e precisa ser combatida. A informa\u00e7\u00e3o precisa chegar \u00e0 comunidade\u201d. Esta foi uma das reflex\u00f5es da titular da Delegacia Especializada de Atendimento \u00e0 Mulher (Deam), da Pol\u00edcia Civil, Alessandra Azalim, na manh\u00e3 desta sexta-feira, 2, no \u201cCultura de Paz Entrevista\u201d. O podcast abordou o trabalho da Deam na preven\u00e7\u00e3o e no enfrentamento \u00e0s viol\u00eancias com as quais atua em Juiz de Fora.<\/p>\n<div id=\"box_texto_noticia\">\n<p>A iniciativa integra a s\u00e9rie de podcasts da campanha que apresenta os servi\u00e7os da rede de \u201cCultura de Paz e Preven\u00e7\u00e3o das Viol\u00eancias\u201d do munic\u00edpio. O Projeto \u00e9 uma parceria entre a Prefeitura de Juiz de Fora (PJF) e a Universidade Federal de Juiz de Fora (UFJF).<\/p>\n<p>Na conversa com o professor Ricardo Bedendo e com a bolsista do Projeto, Ana Clara Ciscotto, a delegada destacou que a Delegacia Especializada \u00e9 fruto de um movimento feminista, justamente pelo enfrentamento \u00e0 viol\u00eancia contra a mulher, atuando tamb\u00e9m contra as viol\u00eancias sexual e dom\u00e9stica. &#8220;Ela foi criada justamente com o prop\u00f3sito de ter esse atendimento diferenciado, especializado, mais humanizado. A Pol\u00edcia e a seguran\u00e7a p\u00fablica, no geral, precisam ter uma outra vis\u00e3o, n\u00e3o s\u00f3 de uma pol\u00edcia repressiva, mas cidad\u00e3, que tem um papel especial, relevante dentro de uma sociedade\u201d, ressaltou Alessandra.<\/p>\n<p>A titular da Deam salientou, ainda, a import\u00e2ncia do trabalho em conjunto com outros setores da sociedade. \u201cO combate \u00e0 viol\u00eancia contra a mulher precisa de uma rede de enfrentamento que esteja fortalecida. N\u00e3o \u00e9 um problema s\u00f3 da pol\u00edcia, \u00e9 de toda a sociedade. Essa rede envolve a Pol\u00edcia, Minist\u00e9rio P\u00fablico, Tribunal de Justi\u00e7a, Defensoria P\u00fablica, a Psicologia, OAB, entre outros setores. Precisamos de v\u00e1rios \u00f3rg\u00e3os, de pol\u00edticas p\u00fablicas e diversos setores da sociedade para combater e prevenir esse tipo de viol\u00eancia. Precisamos entender que viol\u00eancia envolve sa\u00fade p\u00fablica\u201d, pontuou.<\/p>\n<p>O podcast \u00e9 uma iniciativa do eixo de Comunica\u00e7\u00e3o do Projeto \u201cCultura de Paz e Preven\u00e7\u00e3o das Viol\u00eancias: Tecendo Redes\u201d e foi gravado na R\u00e1dio Facom, da UFJF. As a\u00e7\u00f5es do Projeto est\u00e3o alinhadas \u00e0s orienta\u00e7\u00f5es do Plano Municipal da Vigil\u00e2ncia das Causas Externas. O trabalho re\u00fane profissionais da Secretaria de Sa\u00fade, da Subsecretaria de Sa\u00fade da PJF, al\u00e9m de professores e alunos da UFJF nas \u00e1reas de educa\u00e7\u00e3o continuada, mapeamento da rede e comunica\u00e7\u00e3o.<\/p>\n<p>Para ouvir o podcast de hoje,<a href=\"https:\/\/open.spotify.com\/show\/3wJkwNLiK9enbu0ChJ94xw\"><strong>\u00a0clique aqui<\/strong><\/a>.<\/p>\n<\/div>\n<p>&nbsp;<\/p>\n<div id=\"box_compartilhar\" align=\"right\"><\/div>\n","protected":false},"excerpt":{"rendered":"<p>Segundo informa\u00e7\u00f5es do site da Prefeitura de Juiz de Fora (PJF), \u201cToda e qualquer tipo de viol\u00eancia \u00e9 grave e precisa ser combatida. A informa\u00e7\u00e3o precisa chegar \u00e0 comunidade\u201d. Esta foi uma das reflex\u00f5es da titular da Delegacia Especializada de Atendimento \u00e0 Mulher (Deam), da Pol\u00edcia Civil, Alessandra Azalim, na manh\u00e3 desta sexta-feira, 2, no [&hellip;]<\/p>\n","protected":false},"author":246,"featured_media":207346,"comment_status":"closed","ping_status":"closed","sticky":false,"template":"","format":"standard","meta":{"footnotes":""},"categories":[253,436,439],"tags":[],"class_list":["post-207344","post","type-post","status-publish","format-standard","has-post-thumbnail","hentry","category-cidade","category-destaque-da-semana","category-ultima-hora"],"_links":{"self":[{"href":"https:\/\/diarioregionaldigital.com.br\/index.php?rest_route=\/wp\/v2\/posts\/207344","targetHints":{"allow":["GET"]}}],"collection":[{"href":"https:\/\/diarioregionaldigital.com.br\/index.php?rest_route=\/wp\/v2\/posts"}],"about":[{"href":"https:\/\/diarioregionaldigital.com.br\/index.php?rest_route=\/wp\/v2\/types\/post"}],"author":[{"embeddable":true,"href":"https:\/\/diarioregionaldigital.com.br\/index.php?rest_route=\/wp\/v2\/users\/246"}],"replies":[{"embeddable":true,"href":"https:\/\/diarioregionaldigital.com.br\/index.php?rest_route=%2Fwp%2Fv2%2Fcomments&post=207344"}],"version-history":[{"count":1,"href":"https:\/\/diarioregionaldigital.com.br\/index.php?rest_route=\/wp\/v2\/posts\/207344\/revisions"}],"predecessor-version":[{"id":207347,"href":"https:\/\/diarioregionaldigital.com.br\/index.php?rest_route=\/wp\/v2\/posts\/207344\/revisions\/207347"}],"wp:featuredmedia":[{"embeddable":true,"href":"https:\/\/diarioregionaldigital.com.br\/index.php?rest_route=\/wp\/v2\/media\/207346"}],"wp:attachment":[{"href":"https:\/\/diarioregionaldigital.com.br\/index.php?rest_route=%2Fwp%2Fv2%2Fmedia&parent=207344"}],"wp:term":[{"taxonomy":"category","embeddable":true,"href":"https:\/\/diarioregionaldigital.com.br\/index.php?rest_route=%2Fwp%2Fv2%2Fcategories&post=207344"},{"taxonomy":"post_tag","embeddable":true,"href":"https:\/\/diarioregionaldigital.com.br\/index.php?rest_route=%2Fwp%2Fv2%2Ftags&post=207344"}],"curies":[{"name":"wp","href":"https:\/\/api.w.org\/{rel}","templated":true}]}}