{"id":207341,"date":"2022-12-02T20:03:25","date_gmt":"2022-12-02T23:03:25","guid":{"rendered":"https:\/\/diarioregionaldigital.com.br\/?p=207341"},"modified":"2022-12-02T20:03:25","modified_gmt":"2022-12-02T23:03:25","slug":"centro-de-vigilancia-em-saude-aplica-imunizantes-contra-a-covid-19-neste-sabado-3","status":"publish","type":"post","link":"https:\/\/diarioregionaldigital.com.br\/?p=207341","title":{"rendered":"Centro de Vigil\u00e2ncia em Sa\u00fade aplica imunizantes contra a Covid-19 neste s\u00e1bado, 3"},"content":{"rendered":"<p>Segundo informa\u00e7\u00f5es do site da Prefeitura de Juiz de Fora (PJF), neste s\u00e1bado, 26, a Prefeitura de Juiz de Fora (PJF) realiza exclusivamente a vacina\u00e7\u00e3o contra a Covid-19 para os p\u00fablicos eletivos, incluindo <strong>as crian\u00e7as de seis meses a dois anos, 11 meses e 29 dias com comorbidades,<\/strong>\u00a0no<strong>\u00a0Centro de Vigil\u00e2ncia em Sa\u00fade, localizado na Av. Dos Andradas, 523, no Centro<\/strong>, de 8h \u00e0s 13h.<\/p>\n<p>&nbsp;<\/p>\n<p>A SS destaca a import\u00e2ncia do recebimento da vacina de refor\u00e7o e pede para que todos aqueles que receberam a 2\u00aa dose h\u00e1 pelo menos quatro meses procurem um posto de vacina\u00e7\u00e3o para aumentar sua prote\u00e7\u00e3o contra o v\u00edrus.<\/p>\n<p>&nbsp;<\/p>\n<p>As segundas doses dos imunizantes AstraZeneca, Coronavac, Janssen e Pfizer, al\u00e9m das vacinas de refor\u00e7o, s\u00e3o disponibilizadas de forma cont\u00ednua. A 2\u00aa dose da Janssen \u00e9 destinada a todas as pessoas que receberam a primeira dose desse imunizante h\u00e1 dois meses ou data anterior.\u00a0 J\u00e1 o intervalo entre 1\u00aa e 2\u00aa aplica\u00e7\u00e3o da AstraZeneca \u00e9 de oito semanas; da Coronavac \u00e9 de 28 dias; e da Pfizer, de 21 dias. O intervalo da 2\u00aa dose para a aplica\u00e7\u00e3o da vacina de refor\u00e7o \u00e9 de quatro meses.<\/p>\n<p>&nbsp;<\/p>\n<p>A pasta explica que as doses de refor\u00e7o, ou terceiras doses, para o p\u00fablico geral s\u00e3o apenas para os maiores de 12 anos. N\u00e3o h\u00e1 recomenda\u00e7\u00e3o de refor\u00e7o para as crian\u00e7as, com idades entre 6 meses de idade e 11 anos, que recebem apenas as duas doses contra o coronav\u00edrus. A dose de refor\u00e7o s\u00f3 \u00e9 aplicada para estas pessoas caso elas sejam imunossuprimidas.<\/p>\n<p>&nbsp;<\/p>\n<p>At\u00e9 o momento, a quarta dose n\u00e3o est\u00e1 liberada para a popula\u00e7\u00e3o geral, sendo recomendada apenas para pessoas com imunossupress\u00e3o e pessoas com 18 anos ou mais de idade.<strong>\u00a0Imunossuprimidos com 18 anos ou mais tamb\u00e9m recebem uma quinta dose.<\/strong><\/p>\n<p>&nbsp;<\/p>\n<p>Pessoas na faixa et\u00e1ria entre 18 e 39 anos, que receberam a dose \u00fanica e o refor\u00e7o do imunizante Janssen, poder\u00e3o tomar o segundo refor\u00e7o quatro meses ap\u00f3s o primeiro com qualquer outro imunizante. J\u00e1 para pessoas com 18 anos ou mais de idade ou imunossuprimidos, o terceiro refor\u00e7o do imunizante, com qualquer outro imunizante, deve ser aplicado quatro meses ap\u00f3s o segundo refor\u00e7o. Imunossuprimidos de 18 anos ou mais tamb\u00e9m recebem uma quinta dose.<\/p>\n<p>&nbsp;<\/p>\n<p><strong>Documenta\u00e7\u00e3o<\/strong><\/p>\n<p>&nbsp;<\/p>\n<p>Aqueles que forem receber a primeira dose da vacina devem apresentar originais e c\u00f3pias de documento de identifica\u00e7\u00e3o com foto (como documento de identidade (RG) ou carteira de motorista) e o CPF, caso o n\u00famero do mesmo n\u00e3o conste na identidade, al\u00e9m da ficha de vacina\u00e7\u00e3o impressa e preenchida. Crian\u00e7as que n\u00e3o tiverem o documento de identidade, podem apresentar a certid\u00e3o de nascimento.\u00a0<strong>A PJF pede que seja levado uma c\u00f3pia do comprovante de resid\u00eancia no nome dos pais ou respons\u00e1vel com endere\u00e7o em Juiz de Fora.\u00a0<\/strong>As crian\u00e7as com comorbidades ou imunossuprimidas, al\u00e9m destes documentos, devem\u00a0<strong>apresentar um laudo ou atestado m\u00e9dico datado de, no m\u00e1ximo, 12 meses, comprovando a condi\u00e7\u00e3o<\/strong>.<\/p>\n<p>&nbsp;<\/p>\n<p>As pessoas que v\u00e3o receber a D2 ou a dose de refor\u00e7o precisam apresentar apenas a ficha de vacina\u00e7\u00e3o, o cart\u00e3o de vacina e um documento de identifica\u00e7\u00e3o com foto, enquanto os imunossuprimidos\/pessoas com comorbidade, al\u00e9m destes documentos, devem apresentar um laudo ou atestado m\u00e9dico datado de, no m\u00e1ximo, 12 meses, comprovando a condi\u00e7\u00e3o. Este p\u00fablico pode buscar pela dose de refor\u00e7o a partir de 28 dias do recebimento da 2\u00aa dose. N\u00e3o \u00e9 necess\u00e1ria a apresenta\u00e7\u00e3o de comprovante de resid\u00eancia.<\/p>\n<p>&nbsp;<\/p>\n<p>Para se imunizar, o profissional de sa\u00fade deve levar declara\u00e7\u00e3o e\/ou comprovante (contracheque, carteira de trabalho) de v\u00ednculo profissional.<\/p>\n<p>&nbsp;<\/p>\n<p><strong>Refor\u00e7amos o pedido para todos que ser\u00e3o vacinados levarem, impressa e preenchida, a Ficha de Vacina\u00e7\u00e3o, cujo modelo est\u00e1 dispon\u00edvel\u00a0<\/strong><a href=\"https:\/\/covid19.pjf.mg.gov.br\/arquivos\/formulario_para_vacinacao.pdf\"><strong>aqui<\/strong><\/a><strong>, isso facilita no momento da triagem e agiliza o processo de vacina\u00e7\u00e3o.<\/strong><\/p>\n<p>&nbsp;<\/p>\n<p><strong>Segundas doses (adultos)<\/strong><\/p>\n<p>&nbsp;<\/p>\n<p><strong>AstraZeneca\u00a0<\/strong>&#8211; A aplica\u00e7\u00e3o da segunda dose de AstraZeneca segue a data descrita no cart\u00e3o de vacina. Portanto, recebem a D2 todos aqueles com retorno agendado para o dia 03 de dezembro ou data anterior.<\/p>\n<p>&nbsp;<\/p>\n<p><strong>Coronavac\u00a0<\/strong>&#8211; A aplica\u00e7\u00e3o da segunda dose do imunizante Coronavac segue a data descrita no cart\u00e3o de vacina. Recebem a D2 todos aqueles com retorno agendado para o dia 3 de dezembro ou data anterior.<\/p>\n<p>&nbsp;<\/p>\n<p><strong>Janssen\u00a0<\/strong>&#8211; As segundas doses do imunizante Janssen s\u00e3o destinadas \u00e0s pessoas que receberam a primeira dose desta vacina no dia 3 de Outubro, ou seja, dois meses ap\u00f3s a vacina de dose \u00fanica.<\/p>\n<p>&nbsp;<\/p>\n<p><strong>Pfizer\u00a0<\/strong>&#8211; Quem recebeu a primeira dose da Pfizer no dia 11 de novembro ou antes pode procurar o posto de imuniza\u00e7\u00e3o para receber a segunda.<\/p>\n<p>&nbsp;<\/p>\n<p><strong>Doses de refor\u00e7o (adultos)<\/strong><\/p>\n<p>&nbsp;<\/p>\n<p>As doses de refor\u00e7o, ou terceira dose, s\u00e3o destinadas \u00e0s pessoas a partir de 12 anos que receberam a segunda dose h\u00e1 quatro meses ou mais.\u00a0<strong>Os intervalos entre as doses de refor\u00e7o s\u00e3o de quatro meses.\u00a0<\/strong>Recebem tamb\u00e9m o segundo refor\u00e7o, ou quarta dose, pessoas com 18 anos ou mais e imunossuprimidos, com 12 anos ou mais. O terceiro refor\u00e7o, ou quinta dose, \u00e9 voltado para pessoas de 18 anos ou mais com imunossupress\u00e3o.<\/p>\n<p>&nbsp;<\/p>\n<p><strong>Para as crian\u00e7as<\/strong><\/p>\n<p>&nbsp;<\/p>\n<p><strong>Pedimos aos pais e respons\u00e1veis que levem, impressa e preenchida, a Ficha de Vacina\u00e7\u00e3o das crian\u00e7as, cujo modelo est\u00e1 dispon\u00edvel\u00a0<\/strong><a href=\"https:\/\/covid19.pjf.mg.gov.br\/arquivos\/formulario_para_vacinacao.pdf\"><strong>aqui<\/strong><\/a><strong>, isso facilita no momento da triagem e agiliza o processo de vacina\u00e7\u00e3o.<\/strong><\/p>\n","protected":false},"excerpt":{"rendered":"<p>Segundo informa\u00e7\u00f5es do site da Prefeitura de Juiz de Fora (PJF), neste s\u00e1bado, 26, a Prefeitura de Juiz de Fora (PJF) realiza exclusivamente a vacina\u00e7\u00e3o contra a Covid-19 para os p\u00fablicos eletivos, incluindo as crian\u00e7as de seis meses a dois anos, 11 meses e 29 dias com comorbidades,\u00a0no\u00a0Centro de Vigil\u00e2ncia em Sa\u00fade, localizado na Av. [&hellip;]<\/p>\n","protected":false},"author":246,"featured_media":207342,"comment_status":"closed","ping_status":"closed","sticky":false,"template":"","format":"standard","meta":{"footnotes":""},"categories":[253,436,440,439],"tags":[],"class_list":["post-207341","post","type-post","status-publish","format-standard","has-post-thumbnail","hentry","category-cidade","category-destaque-da-semana","category-destaques-do-dia","category-ultima-hora"],"_links":{"self":[{"href":"https:\/\/diarioregionaldigital.com.br\/index.php?rest_route=\/wp\/v2\/posts\/207341","targetHints":{"allow":["GET"]}}],"collection":[{"href":"https:\/\/diarioregionaldigital.com.br\/index.php?rest_route=\/wp\/v2\/posts"}],"about":[{"href":"https:\/\/diarioregionaldigital.com.br\/index.php?rest_route=\/wp\/v2\/types\/post"}],"author":[{"embeddable":true,"href":"https:\/\/diarioregionaldigital.com.br\/index.php?rest_route=\/wp\/v2\/users\/246"}],"replies":[{"embeddable":true,"href":"https:\/\/diarioregionaldigital.com.br\/index.php?rest_route=%2Fwp%2Fv2%2Fcomments&post=207341"}],"version-history":[{"count":2,"href":"https:\/\/diarioregionaldigital.com.br\/index.php?rest_route=\/wp\/v2\/posts\/207341\/revisions"}],"predecessor-version":[{"id":207345,"href":"https:\/\/diarioregionaldigital.com.br\/index.php?rest_route=\/wp\/v2\/posts\/207341\/revisions\/207345"}],"wp:featuredmedia":[{"embeddable":true,"href":"https:\/\/diarioregionaldigital.com.br\/index.php?rest_route=\/wp\/v2\/media\/207342"}],"wp:attachment":[{"href":"https:\/\/diarioregionaldigital.com.br\/index.php?rest_route=%2Fwp%2Fv2%2Fmedia&parent=207341"}],"wp:term":[{"taxonomy":"category","embeddable":true,"href":"https:\/\/diarioregionaldigital.com.br\/index.php?rest_route=%2Fwp%2Fv2%2Fcategories&post=207341"},{"taxonomy":"post_tag","embeddable":true,"href":"https:\/\/diarioregionaldigital.com.br\/index.php?rest_route=%2Fwp%2Fv2%2Ftags&post=207341"}],"curies":[{"name":"wp","href":"https:\/\/api.w.org\/{rel}","templated":true}]}}