{"id":207338,"date":"2022-12-02T19:49:21","date_gmt":"2022-12-02T22:49:21","guid":{"rendered":"https:\/\/diarioregionaldigital.com.br\/?p=207338"},"modified":"2022-12-02T19:49:21","modified_gmt":"2022-12-02T22:49:21","slug":"uruguai-vence-gana-mas-triunfo-sul-coreano-elimina-ambos-da-copa","status":"publish","type":"post","link":"https:\/\/diarioregionaldigital.com.br\/?p=207338","title":{"rendered":"Uruguai vence Gana, mas triunfo sul-coreano elimina ambos da Copa"},"content":{"rendered":"<p>Doze anos depois, o Uruguai voltou a frustrar as expectativas de Gana em uma Copa do Mundo. A diferen\u00e7a \u00e9 que, desta vez, a Celeste Ol\u00edmpica teve o mesmo destino dos rivais: a elimina\u00e7\u00e3o. Nesta\u00a0sexta-feira (2), os sul-americanos venceram os Estrelas Negras por 2 a 0 no Est\u00e1dio Al Janoub, em Al Wakrah. Ambos, por\u00e9m, deram adeus ao Mundial do Catar.<img decoding=\"async\" src=\"https:\/\/agenciabrasil.ebc.com.br\/ebc.png?id=1496543&amp;o=node\" \/><img decoding=\"async\" src=\"https:\/\/agenciabrasil.ebc.com.br\/ebc.gif?id=1496543&amp;o=node\" \/><\/p>\n<div class=\"twitter-tweet twitter-tweet-rendered\"><iframe id=\"twitter-widget-0\" class=\"\" title=\"Twitter Tweet\" src=\"https:\/\/platform.twitter.com\/embed\/Tweet.html?creatorScreenName=agenciabrasil&amp;dnt=false&amp;embedId=twitter-widget-0&amp;features=eyJ0ZndfdGltZWxpbmVfbGlzdCI6eyJidWNrZXQiOlsibGlua3RyLmVlIiwidHIuZWUiLCJ0ZXJyYS5jb20uYnIiLCJ3d3cubGlua3RyLmVlIiwid3d3LnRyLmVlIiwid3d3LnRlcnJhLmNvbS5iciJdLCJ2ZXJzaW9uIjpudWxsfSwidGZ3X2hvcml6b25fdGltZWxpbmVfMTIwMzQiOnsiYnVja2V0IjoidHJlYXRtZW50IiwidmVyc2lvbiI6bnVsbH0sInRmd190d2VldF9lZGl0X2JhY2tlbmQiOnsiYnVja2V0Ijoib24iLCJ2ZXJzaW9uIjpudWxsfSwidGZ3X3JlZnNyY19zZXNzaW9uIjp7ImJ1Y2tldCI6Im9uIiwidmVyc2lvbiI6bnVsbH0sInRmd19zaG93X2J1c2luZXNzX3ZlcmlmaWVkX2JhZGdlIjp7ImJ1Y2tldCI6Im9mZiIsInZlcnNpb24iOm51bGx9LCJ0ZndfY2hpbl9waWxsc18xNDc0MSI6eyJidWNrZXQiOiJjb2xvcl9pY29ucyIsInZlcnNpb24iOm51bGx9LCJ0ZndfdHdlZXRfcmVzdWx0X21pZ3JhdGlvbl8xMzk3OSI6eyJidWNrZXQiOiJ0d2VldF9yZXN1bHQiLCJ2ZXJzaW9uIjpudWxsfSwidGZ3X3NlbnNpdGl2ZV9tZWRpYV9pbnRlcnN0aXRpYWxfMTM5NjMiOnsiYnVja2V0IjoiaW50ZXJzdGl0aWFsIiwidmVyc2lvbiI6bnVsbH0sInRmd19leHBlcmltZW50c19jb29raWVfZXhwaXJhdGlvbiI6eyJidWNrZXQiOjEyMDk2MDAsInZlcnNpb24iOm51bGx9LCJ0ZndfZHVwbGljYXRlX3NjcmliZXNfdG9fc2V0dGluZ3MiOnsiYnVja2V0Ijoib24iLCJ2ZXJzaW9uIjpudWxsfSwidGZ3X3ZpZGVvX2hsc19keW5hbWljX21hbmlmZXN0c18xNTA4MiI6eyJidWNrZXQiOiJ0cnVlX2JpdHJhdGUiLCJ2ZXJzaW9uIjpudWxsfSwidGZ3X3Nob3dfYmx1ZV92ZXJpZmllZF9iYWRnZSI6eyJidWNrZXQiOiJvbiIsInZlcnNpb24iOm51bGx9LCJ0ZndfdHdlZXRfZWRpdF9mcm9udGVuZCI6eyJidWNrZXQiOiJvbiIsInZlcnNpb24iOm51bGx9fQ%3D%3D&amp;frame=false&amp;hideCard=false&amp;hideThread=false&amp;id=1598726542376542208&amp;lang=pt&amp;origin=https%3A%2F%2Fagenciabrasil.ebc.com.br%2Fesportes%2Fnoticia%2F2022-12%2Furuguai-vence-gana-mas-triunfo-sul-coreano-elimina-ambos-da-copa&amp;sessionId=654975e04615958a14281f1322652c2a4348da58&amp;siteScreenName=agenciabrasil&amp;theme=light&amp;widgetsVersion=a3525f077c700%3A1667415560940&amp;width=550px\" frameborder=\"0\" scrolling=\"no\" allowfullscreen=\"allowfullscreen\" data-tweet-id=\"1598726542376542208\" data-mce-fragment=\"1\"><\/iframe><\/div>\n<p>Os uruguaios finalizaram o Grupo H com os mesmos quatro pontos da Coreia do Sul, que ficou \u00e0 frente, na\u00a0segunda\u00a0posi\u00e7\u00e3o, pelo n\u00famero de gols marcados (quatro a dois). Em jogo simult\u00e2neo, no Est\u00e1dio da Educa\u00e7\u00e3o, em Doha, os asi\u00e1ticos derrotaram Portugal &#8211; que atuou com um time quase todo reserva,\u00a0por j\u00e1\u00a0estar classificado por antecipa\u00e7\u00e3o &#8211; por 2 a 1. O gol do atacante Hwang Hee-Chan, aos 45 minutos do segundo tempo, que decretou a virada dos sul-coreanos, obrigou os sul-americanos a buscar o 3 a 0, que n\u00e3o ocorreu. Com tr\u00eas pontos, os ganeses terminaram a chave em \u00faltimo lugar.<\/p>\n<p>Tivesse acontecido, a classifica\u00e7\u00e3o uruguaia teria participa\u00e7\u00e3o decisiva de um jogador bastante conhecido do futebol brasileiro: Giorgian de Arrascaeta. Reserva nos dois primeiros jogos, tendo atuado por somente 28 minutos na derrota por 2 a 0 para Portugal, na rodada passada, o meia do Flamengo foi titular nesta\u00a0sexta\u00a0e marcou os dois gols da Celeste.<\/p>\n<p>O duelo fez torcedores de ambos os pa\u00edses relembrarem a Copa de 2010, na \u00c1frica do Sul. Na ocasi\u00e3o, Gana e Uruguai empatavam por 1 a 1 o confronto v\u00e1lido pelas quartas de final. No \u00faltimo lance da partida, Lu\u00eds Su\u00e1rez salvou, com as m\u00e3os, uma cabe\u00e7ada \u00e0 queima-roupa de Dominic Adiyiah, na \u00e1rea. O uruguaio foi expulso. O tamb\u00e9m atacante Asamoah Gyan teve a\u00a0oportunidade da vit\u00f3ria ganesa na cobran\u00e7a da penalidade, mas acertou o travess\u00e3o. Nos p\u00eanaltis, deu Celeste, por 4 a 2. Quis o destino que a batida desperdi\u00e7ada fosse justamente a de Adiyiah, defendida pelo goleiro Fernando Muslera (que, assim como Su\u00e1rez, fez parte da sele\u00e7\u00e3o sul-americana no Catar).O momento da defesa monumental de Rochet no p\u00eanalti de Gana!<\/p>\n<div class=\"twitter-tweet twitter-tweet-rendered\"><iframe id=\"twitter-widget-1\" class=\"\" title=\"Twitter Tweet\" src=\"https:\/\/platform.twitter.com\/embed\/Tweet.html?creatorScreenName=agenciabrasil&amp;dnt=false&amp;embedId=twitter-widget-1&amp;features=eyJ0ZndfdGltZWxpbmVfbGlzdCI6eyJidWNrZXQiOlsibGlua3RyLmVlIiwidHIuZWUiLCJ0ZXJyYS5jb20uYnIiLCJ3d3cubGlua3RyLmVlIiwid3d3LnRyLmVlIiwid3d3LnRlcnJhLmNvbS5iciJdLCJ2ZXJzaW9uIjpudWxsfSwidGZ3X2hvcml6b25fdGltZWxpbmVfMTIwMzQiOnsiYnVja2V0IjoidHJlYXRtZW50IiwidmVyc2lvbiI6bnVsbH0sInRmd190d2VldF9lZGl0X2JhY2tlbmQiOnsiYnVja2V0Ijoib24iLCJ2ZXJzaW9uIjpudWxsfSwidGZ3X3JlZnNyY19zZXNzaW9uIjp7ImJ1Y2tldCI6Im9uIiwidmVyc2lvbiI6bnVsbH0sInRmd19zaG93X2J1c2luZXNzX3ZlcmlmaWVkX2JhZGdlIjp7ImJ1Y2tldCI6Im9mZiIsInZlcnNpb24iOm51bGx9LCJ0ZndfY2hpbl9waWxsc18xNDc0MSI6eyJidWNrZXQiOiJjb2xvcl9pY29ucyIsInZlcnNpb24iOm51bGx9LCJ0ZndfdHdlZXRfcmVzdWx0X21pZ3JhdGlvbl8xMzk3OSI6eyJidWNrZXQiOiJ0d2VldF9yZXN1bHQiLCJ2ZXJzaW9uIjpudWxsfSwidGZ3X3NlbnNpdGl2ZV9tZWRpYV9pbnRlcnN0aXRpYWxfMTM5NjMiOnsiYnVja2V0IjoiaW50ZXJzdGl0aWFsIiwidmVyc2lvbiI6bnVsbH0sInRmd19leHBlcmltZW50c19jb29raWVfZXhwaXJhdGlvbiI6eyJidWNrZXQiOjEyMDk2MDAsInZlcnNpb24iOm51bGx9LCJ0ZndfZHVwbGljYXRlX3NjcmliZXNfdG9fc2V0dGluZ3MiOnsiYnVja2V0Ijoib24iLCJ2ZXJzaW9uIjpudWxsfSwidGZ3X3ZpZGVvX2hsc19keW5hbWljX21hbmlmZXN0c18xNTA4MiI6eyJidWNrZXQiOiJ0cnVlX2JpdHJhdGUiLCJ2ZXJzaW9uIjpudWxsfSwidGZ3X3Nob3dfYmx1ZV92ZXJpZmllZF9iYWRnZSI6eyJidWNrZXQiOiJvbiIsInZlcnNpb24iOm51bGx9LCJ0ZndfdHdlZXRfZWRpdF9mcm9udGVuZCI6eyJidWNrZXQiOiJvbiIsInZlcnNpb24iOm51bGx9fQ%3D%3D&amp;frame=false&amp;hideCard=false&amp;hideThread=false&amp;id=1598709834064560137&amp;lang=pt&amp;origin=https%3A%2F%2Fagenciabrasil.ebc.com.br%2Fesportes%2Fnoticia%2F2022-12%2Furuguai-vence-gana-mas-triunfo-sul-coreano-elimina-ambos-da-copa&amp;sessionId=654975e04615958a14281f1322652c2a4348da58&amp;siteScreenName=agenciabrasil&amp;theme=light&amp;widgetsVersion=a3525f077c700%3A1667415560940&amp;width=550px\" frameborder=\"0\" scrolling=\"no\" allowfullscreen=\"allowfullscreen\" data-tweet-id=\"1598709834064560137\" data-mce-fragment=\"1\"><\/iframe><\/div>\n<p>&nbsp;<\/p>\n<p>O ex-meia Otto Addo, atual t\u00e9cnico gan\u00eas, integrava aquele elenco dos Estrelas Negras. Para o jogo desta\u00a0sexta, o treinador repetiu o 4-3-3 da vit\u00f3ria por 3 a 2 sobre a Coreia do Sul, com apenas duas trocas. Titulares na derrota por 3 a 2 para Portugal, na primeira rodada, os laterais Alidu Seidu e Abdul-Rahman Baba retornaram nos lugares de Tariq Lamptey e Gideon Mensah (que deixou o jogo contra os sul-coreanos com dores no tornozelo).<\/p>\n<p>No Uruguai, Diego Alonso recuou na forma\u00e7\u00e3o com tr\u00eas zagueiros e tamb\u00e9m montou a equipe no 4-3-3, como na estreia, quando a Celeste empatou sem gols com a Coreia do Sul. Na frente, Su\u00e1rez retomou a vaga que foi de Edinson Cavani contra Portugal, enquanto Arrascaeta e Facundo Pellistri deixaram o time mais ofensivo herdando os lugares do zagueiro Diego God\u00edn e do volante Mat\u00edas Vecino.<\/p>\n<p>Os uruguaios iniciaram a partida em cima, mas demonstrando certa ansiedade no \u00faltimo passe. Ap\u00f3s 15 minutos de press\u00e3o sul-americana, Gana encaixou um contra-ataque com Jordan Ayew, que recebeu na ponta esquerda, pr\u00f3ximo \u00e0 entrada da \u00e1rea, carregou at\u00e9 a meia-lua e bateu, para defesa de S\u00e9rgio Rochet. Na sobra, o tamb\u00e9m meia Mohammed Kudus dividiu com o goleiro e caiu na \u00e1rea. A penalidade foi marcada com interven\u00e7\u00e3o do \u00e1rbitro de v\u00eddeo (VAR), mas o atacante Andr\u00e9 Ayew, irm\u00e3o de Jordan (ambos filhos de Abedi Pel\u00e9, maior nome do futebol gan\u00eas) fez o torcedor africano reviver o pesadelo de 2010, ao cobrar fraco, rasteiro, facilitando a defesa de Rochet.<\/p>\n<p>N\u00e3o demorou para os Estrelas Negras serem punidos. Aos 22, o atacante Darwin N\u00fa\u00f1ez tabelou com Arrascaeta, chutou na sa\u00edda do goleiro Lawrence Zigi e viu o zagueiro Mohammed Salisu salvar em cima da linha. Tr\u00eas minutos depois, n\u00e3o teve &#8220;quase&#8221;: N\u00fa\u00f1ez cruzou pela esquerda, a defesa n\u00e3o tirou e a bola sobrou com Su\u00e1rez na \u00e1rea. O atacante driblou Seidu e finalizou. Zigi defendeu, mas Arrascaeta, no rebote, cabeceou para as redes.<\/p>\n<p>O camisa 10 uruguaio precisou de mais cinco minutos para aumentar a vantagem. Aos 30, N\u00fa\u00f1ez recebeu de Pellistri na entrada da \u00e1rea e ajeitou de cabe\u00e7a para Su\u00e1rez. O artilheiro de uma de &#8220;gar\u00e7om&#8221; e abriu na esquerda para o meia do Flamengo concluir de primeira.<\/p>\n<div class=\"twitter-tweet twitter-tweet-rendered\"><iframe id=\"twitter-widget-2\" class=\"\" title=\"Twitter Tweet\" src=\"https:\/\/platform.twitter.com\/embed\/Tweet.html?creatorScreenName=agenciabrasil&amp;dnt=false&amp;embedId=twitter-widget-2&amp;features=eyJ0ZndfdGltZWxpbmVfbGlzdCI6eyJidWNrZXQiOlsibGlua3RyLmVlIiwidHIuZWUiLCJ0ZXJyYS5jb20uYnIiLCJ3d3cubGlua3RyLmVlIiwid3d3LnRyLmVlIiwid3d3LnRlcnJhLmNvbS5iciJdLCJ2ZXJzaW9uIjpudWxsfSwidGZ3X2hvcml6b25fdGltZWxpbmVfMTIwMzQiOnsiYnVja2V0IjoidHJlYXRtZW50IiwidmVyc2lvbiI6bnVsbH0sInRmd190d2VldF9lZGl0X2JhY2tlbmQiOnsiYnVja2V0Ijoib24iLCJ2ZXJzaW9uIjpudWxsfSwidGZ3X3JlZnNyY19zZXNzaW9uIjp7ImJ1Y2tldCI6Im9uIiwidmVyc2lvbiI6bnVsbH0sInRmd19zaG93X2J1c2luZXNzX3ZlcmlmaWVkX2JhZGdlIjp7ImJ1Y2tldCI6Im9mZiIsInZlcnNpb24iOm51bGx9LCJ0ZndfY2hpbl9waWxsc18xNDc0MSI6eyJidWNrZXQiOiJjb2xvcl9pY29ucyIsInZlcnNpb24iOm51bGx9LCJ0ZndfdHdlZXRfcmVzdWx0X21pZ3JhdGlvbl8xMzk3OSI6eyJidWNrZXQiOiJ0d2VldF9yZXN1bHQiLCJ2ZXJzaW9uIjpudWxsfSwidGZ3X3NlbnNpdGl2ZV9tZWRpYV9pbnRlcnN0aXRpYWxfMTM5NjMiOnsiYnVja2V0IjoiaW50ZXJzdGl0aWFsIiwidmVyc2lvbiI6bnVsbH0sInRmd19leHBlcmltZW50c19jb29raWVfZXhwaXJhdGlvbiI6eyJidWNrZXQiOjEyMDk2MDAsInZlcnNpb24iOm51bGx9LCJ0ZndfZHVwbGljYXRlX3NjcmliZXNfdG9fc2V0dGluZ3MiOnsiYnVja2V0Ijoib24iLCJ2ZXJzaW9uIjpudWxsfSwidGZ3X3ZpZGVvX2hsc19keW5hbWljX21hbmlmZXN0c18xNTA4MiI6eyJidWNrZXQiOiJ0cnVlX2JpdHJhdGUiLCJ2ZXJzaW9uIjpudWxsfSwidGZ3X3Nob3dfYmx1ZV92ZXJpZmllZF9iYWRnZSI6eyJidWNrZXQiOiJvbiIsInZlcnNpb24iOm51bGx9LCJ0ZndfdHdlZXRfZWRpdF9mcm9udGVuZCI6eyJidWNrZXQiOiJvbiIsInZlcnNpb24iOm51bGx9fQ%3D%3D&amp;frame=false&amp;hideCard=false&amp;hideThread=false&amp;id=1598703251305549824&amp;lang=pt&amp;origin=https%3A%2F%2Fagenciabrasil.ebc.com.br%2Fesportes%2Fnoticia%2F2022-12%2Furuguai-vence-gana-mas-triunfo-sul-coreano-elimina-ambos-da-copa&amp;sessionId=654975e04615958a14281f1322652c2a4348da58&amp;siteScreenName=agenciabrasil&amp;theme=light&amp;widgetsVersion=a3525f077c700%3A1667415560940&amp;width=550px\" frameborder=\"0\" scrolling=\"no\" allowfullscreen=\"allowfullscreen\" data-tweet-id=\"1598703251305549824\" data-mce-fragment=\"1\"><\/iframe><\/div>\n<p>Os gols mudaram a cara da partida, com o Uruguai passando a trabalhar a bola com mais paci\u00eancia e Gana, tentando se recuperar do baque, precisando se lan\u00e7ar \u00e0 frente. Na volta do intervalo, Andr\u00e9 e Jordan Ayew foram substitu\u00eddos pelos atacantes Osman Bukari e Kamaldeen Sulemana. Aos 17 minutos, a dupla quase foi respons\u00e1vel pelo primeiro gol gan\u00eas. &#8220;Quase&#8221;, porque, ap\u00f3s o cruzamento de Sulemana, pela esquerda, Rochet demorou a sair da meta e Bukari chegou tarde para completar na pequena \u00e1rea.<\/p>\n<p>O Uruguai, por sua vez, tinha o contra-ataque \u00e0 disposi\u00e7\u00e3o para aproveitar os espa\u00e7os deixados pela marca\u00e7\u00e3o de Gana. Aos 18, o meia Federico Valverde recebeu de N\u00fa\u00f1ez encontrou Su\u00e1rez na \u00e1rea, pela esquerda. O camisa 9 rolou para Pellistri finalizar rente \u00e0 esquerda da meta, ao lado da\u00a0trave. Cinco minutos depois, Valverde emendou uma bomba de primeira, quase da intermedi\u00e1ria pela esquerda. A bola quicou no ch\u00e3o e foi no canto esquerdo de Zigi, que conseguiu espalmar.<\/p>\n<p>\u00c0 medida que o tempo passava, a miss\u00e3o de Gana ficava mais dif\u00edcil. Os Estrelas Negras n\u00e3o desistiram. Aos 32 minutos, o atacante Antoine Semenyo recebeu pr\u00f3ximo \u00e0 pequna \u00e1rea, pela esquerda, mas finalizou mal, rasteiro, ao lado do gol uruguaio. Dois minutos depois, Kudus obrigou Rochet a uma bela defesa, mandando para escanteio uma bomba de Kudus, da meia-lua.<\/p>\n<p>A informa\u00e7\u00e3o da virada da Coreia do Sul sobre Portugal chegou aos 37 minutos e transformou a reta final da partida no Al Janoub em drama. Desesperados, os uruguaios intensificaram a press\u00e3o em busca do terceiro gol, mas pararam em \u00f3timas defesas de Zigi. Aos 42, Cavani, de cabe\u00e7a, em posi\u00e7\u00e3o irregular, obrigou o goleiro a uma interven\u00e7\u00e3o acrob\u00e1tica. Nos acr\u00e9scimos, o arqueiro se esticou todo para salvar outro chuta\u00e7o de fora da \u00e1rea de Valverde.<\/p>\n<p>O gol da classifica\u00e7\u00e3o, por\u00e9m, n\u00e3o saiu, decretando a elimina\u00e7\u00e3o das duas equipes. Ap\u00f3s o apito final, o \u00e1rbitro Daniel Siebert foi cercado por jogadores uruguaios, revoltados pela n\u00e3o marca\u00e7\u00e3o de um suposto p\u00eanalti aos 12 minutos do segundo tempo, em cima de N\u00fa\u00f1ez, pelo zagueiro Daniel Amartey. O juiz alem\u00e3o foi chamado ao v\u00eddeo para conferir o lance, mas manteve a decis\u00e3o de campo.<\/p>\n<p><span style=\"font-weight: 400;\"><br \/>\n<\/span><span style=\"font-weight: 400;\">Fonte: Ag\u00eancia Brasil <\/span><\/p>\n","protected":false},"excerpt":{"rendered":"<p>Doze anos depois, o Uruguai voltou a frustrar as expectativas de Gana em uma Copa do Mundo. A diferen\u00e7a \u00e9 que, desta vez, a Celeste Ol\u00edmpica teve o mesmo destino dos rivais: a elimina\u00e7\u00e3o. Nesta\u00a0sexta-feira (2), os sul-americanos venceram os Estrelas Negras por 2 a 0 no Est\u00e1dio Al Janoub, em Al Wakrah. Ambos, por\u00e9m, [&hellip;]<\/p>\n","protected":false},"author":246,"featured_media":207339,"comment_status":"closed","ping_status":"closed","sticky":false,"template":"","format":"standard","meta":{"footnotes":""},"categories":[436,257,439],"tags":[],"class_list":["post-207338","post","type-post","status-publish","format-standard","has-post-thumbnail","hentry","category-destaque-da-semana","category-esporte","category-ultima-hora"],"_links":{"self":[{"href":"https:\/\/diarioregionaldigital.com.br\/index.php?rest_route=\/wp\/v2\/posts\/207338","targetHints":{"allow":["GET"]}}],"collection":[{"href":"https:\/\/diarioregionaldigital.com.br\/index.php?rest_route=\/wp\/v2\/posts"}],"about":[{"href":"https:\/\/diarioregionaldigital.com.br\/index.php?rest_route=\/wp\/v2\/types\/post"}],"author":[{"embeddable":true,"href":"https:\/\/diarioregionaldigital.com.br\/index.php?rest_route=\/wp\/v2\/users\/246"}],"replies":[{"embeddable":true,"href":"https:\/\/diarioregionaldigital.com.br\/index.php?rest_route=%2Fwp%2Fv2%2Fcomments&post=207338"}],"version-history":[{"count":1,"href":"https:\/\/diarioregionaldigital.com.br\/index.php?rest_route=\/wp\/v2\/posts\/207338\/revisions"}],"predecessor-version":[{"id":207340,"href":"https:\/\/diarioregionaldigital.com.br\/index.php?rest_route=\/wp\/v2\/posts\/207338\/revisions\/207340"}],"wp:featuredmedia":[{"embeddable":true,"href":"https:\/\/diarioregionaldigital.com.br\/index.php?rest_route=\/wp\/v2\/media\/207339"}],"wp:attachment":[{"href":"https:\/\/diarioregionaldigital.com.br\/index.php?rest_route=%2Fwp%2Fv2%2Fmedia&parent=207338"}],"wp:term":[{"taxonomy":"category","embeddable":true,"href":"https:\/\/diarioregionaldigital.com.br\/index.php?rest_route=%2Fwp%2Fv2%2Fcategories&post=207338"},{"taxonomy":"post_tag","embeddable":true,"href":"https:\/\/diarioregionaldigital.com.br\/index.php?rest_route=%2Fwp%2Fv2%2Ftags&post=207338"}],"curies":[{"name":"wp","href":"https:\/\/api.w.org\/{rel}","templated":true}]}}