{"id":207335,"date":"2022-12-02T19:47:12","date_gmt":"2022-12-02T22:47:12","guid":{"rendered":"https:\/\/diarioregionaldigital.com.br\/?p=207335"},"modified":"2022-12-02T19:47:12","modified_gmt":"2022-12-02T22:47:12","slug":"pele-esta-com-infeccao-respiratoria-segundo-boletim-medico","status":"publish","type":"post","link":"https:\/\/diarioregionaldigital.com.br\/?p=207335","title":{"rendered":"Pel\u00e9 est\u00e1 com infec\u00e7\u00e3o respirat\u00f3ria, segundo boletim m\u00e9dico"},"content":{"rendered":"<p>Internado no Hospital Albert Einstein, em S\u00e3o Paulo, desde a \u00faltima\u00a0ter\u00e7a-feira (29), o ex-jogador Edson Arantes do Nascimento, o Pel\u00e9, est\u00e1 com infec\u00e7\u00e3o respirat\u00f3ria. Segundo boletim m\u00e9dico divulgado nesta\u00a0sexta-feira (2), o Rei do Futebol, que trata um tumor de c\u00f3lonl, est\u00e1 est\u00e1vel, com &#8220;melhora geral no estado de sa\u00fade&#8221; e sendo tratado com antibi\u00f3ticos, cuja resposta foi &#8220;adequada&#8221;. Ainda n\u00e3o h\u00e1 previs\u00e3o de alta.<img decoding=\"async\" src=\"https:\/\/agenciabrasil.ebc.com.br\/ebc.png?id=1496548&amp;o=node\" \/><img decoding=\"async\" src=\"https:\/\/agenciabrasil.ebc.com.br\/ebc.gif?id=1496548&amp;o=node\" \/><\/p>\n<p>A retirada do tumor ocorreu em\u00a04 de setembro\u00a0do ano passado. Desde ent\u00e3o, Pel\u00e9 \u00e9 submetido a um tratamento de quimioterapia, que requer idas regulares ao hospital.\u00a0De acordo com o boletim m\u00e9dico desta\u00a0sexta-feira, a nova interna\u00e7\u00e3o do Atleta do S\u00e9culo se deu para &#8220;reavalia\u00e7\u00e3o da terapia quimioter\u00e1pica&#8221;<\/p>\n<p>Ainda\u00a0conforme as informa\u00e7\u00f5es do hospital, Pel\u00e9 est\u00e1 em &#8220;quarto comum&#8221; e seguir\u00e1 internado para &#8220;continuidade do tratamento&#8221;. A nota m\u00e9dica \u00e9 assinada pelo geriatra e endocrinologista Fabio Nasri, pelo oncologista Rene Gansi e pelo diretor-superintendente do Albert Einstein, Miguel Cendoroglo.<\/p>\n<p>Na noite de ontem (1\u00ba) Pel\u00e9 agradeceu as mensagens de apoio que tem recebido. Conforme publica\u00e7\u00e3o em uma rede social, o ex-jogador de futebol, disse que est\u00e1 no hospital fazendo sua visita mensal e que \u00e9 sempre bom receber mensagens positivas. \u201cObrigado ao Catar por essa homenagem, e a todos que me enviam boas energias\u201d, disse em refer\u00eancia a uma mensagem de melhoras que foi projetada em um pr\u00e9dio no Catar, pa\u00eds que sedia a atual Copa do Mundo de futebol.<\/p>\n<p>Tamb\u00e9m nessa quinta-feira o t\u00e9cnico da sele\u00e7\u00e3o brasileira, Tite, expressou o seu desejo de que Pel\u00e9, de 82 anos, se recupere logo. \u201cN\u00f3s todos queremos desejar muita sa\u00fade ao Pel\u00e9. Nosso representante maior extraterrestre, que \u00e9 terrestre\u201d, afirmou Tite.<\/p>\n<p><span style=\"font-weight: 400;\">Fonte: Ag\u00eancia Brasil <\/span><\/p>\n","protected":false},"excerpt":{"rendered":"<p>Internado no Hospital Albert Einstein, em S\u00e3o Paulo, desde a \u00faltima\u00a0ter\u00e7a-feira (29), o ex-jogador Edson Arantes do Nascimento, o Pel\u00e9, est\u00e1 com infec\u00e7\u00e3o respirat\u00f3ria. Segundo boletim m\u00e9dico divulgado nesta\u00a0sexta-feira (2), o Rei do Futebol, que trata um tumor de c\u00f3lonl, est\u00e1 est\u00e1vel, com &#8220;melhora geral no estado de sa\u00fade&#8221; e sendo tratado com antibi\u00f3ticos, cuja [&hellip;]<\/p>\n","protected":false},"author":246,"featured_media":207336,"comment_status":"closed","ping_status":"closed","sticky":false,"template":"","format":"standard","meta":{"footnotes":""},"categories":[436,257,439],"tags":[],"class_list":["post-207335","post","type-post","status-publish","format-standard","has-post-thumbnail","hentry","category-destaque-da-semana","category-esporte","category-ultima-hora"],"_links":{"self":[{"href":"https:\/\/diarioregionaldigital.com.br\/index.php?rest_route=\/wp\/v2\/posts\/207335","targetHints":{"allow":["GET"]}}],"collection":[{"href":"https:\/\/diarioregionaldigital.com.br\/index.php?rest_route=\/wp\/v2\/posts"}],"about":[{"href":"https:\/\/diarioregionaldigital.com.br\/index.php?rest_route=\/wp\/v2\/types\/post"}],"author":[{"embeddable":true,"href":"https:\/\/diarioregionaldigital.com.br\/index.php?rest_route=\/wp\/v2\/users\/246"}],"replies":[{"embeddable":true,"href":"https:\/\/diarioregionaldigital.com.br\/index.php?rest_route=%2Fwp%2Fv2%2Fcomments&post=207335"}],"version-history":[{"count":1,"href":"https:\/\/diarioregionaldigital.com.br\/index.php?rest_route=\/wp\/v2\/posts\/207335\/revisions"}],"predecessor-version":[{"id":207337,"href":"https:\/\/diarioregionaldigital.com.br\/index.php?rest_route=\/wp\/v2\/posts\/207335\/revisions\/207337"}],"wp:featuredmedia":[{"embeddable":true,"href":"https:\/\/diarioregionaldigital.com.br\/index.php?rest_route=\/wp\/v2\/media\/207336"}],"wp:attachment":[{"href":"https:\/\/diarioregionaldigital.com.br\/index.php?rest_route=%2Fwp%2Fv2%2Fmedia&parent=207335"}],"wp:term":[{"taxonomy":"category","embeddable":true,"href":"https:\/\/diarioregionaldigital.com.br\/index.php?rest_route=%2Fwp%2Fv2%2Fcategories&post=207335"},{"taxonomy":"post_tag","embeddable":true,"href":"https:\/\/diarioregionaldigital.com.br\/index.php?rest_route=%2Fwp%2Fv2%2Ftags&post=207335"}],"curies":[{"name":"wp","href":"https:\/\/api.w.org\/{rel}","templated":true}]}}