{"id":207332,"date":"2022-12-02T19:44:54","date_gmt":"2022-12-02T22:44:54","guid":{"rendered":"https:\/\/diarioregionaldigital.com.br\/?p=207332"},"modified":"2022-12-02T19:44:54","modified_gmt":"2022-12-02T22:44:54","slug":"em-partida-movimentada-suica-supera-servia-e-avanca-na-copa","status":"publish","type":"post","link":"https:\/\/diarioregionaldigital.com.br\/?p=207332","title":{"rendered":"Em partida movimentada, Su\u00ed\u00e7a supera S\u00e9rvia e avan\u00e7a na Copa"},"content":{"rendered":"<p>A Su\u00ed\u00e7a garantiu a classifica\u00e7\u00e3o para as oitavas de final da Copa do Catar ap\u00f3s derrotar a S\u00e9rvia por 3 a 2, na tarde desta sexta-feira (2) no Est\u00e1dio 974, em Doha, pela terceira rodada do Grupo G da competi\u00e7\u00e3o.<img decoding=\"async\" src=\"https:\/\/agenciabrasil.ebc.com.br\/ebc.png?id=1496555&amp;o=node\" \/><img decoding=\"async\" src=\"https:\/\/agenciabrasil.ebc.com.br\/ebc.gif?id=1496555&amp;o=node\" \/><\/p>\n<p>Com este resultado, os su\u00ed\u00e7os encerraram a fase inicial do Mundial na segunda posi\u00e7\u00e3o da chave com 6 pontos. Assim, enfrentar\u00e3o na pr\u00f3xima fase Portugal, l\u00edder do Grupo H.<\/p>\n<p>O p\u00fablico presente acompanhou uma partida muito movimentada, na qual as duas equipes buscaram a vit\u00f3ria desde o primeiro minuto, quando o goleiro Vanja Milinkovic-Savic teve trabalho para segurar finaliza\u00e7\u00e3o de dentro da \u00e1rea de Embolo. Aos 10 foi a S\u00e9rvia que respondeu com uma finaliza\u00e7\u00e3o do volante Zivkovic que parou na trave.<\/p>\n<p>Por\u00e9m, a Su\u00ed\u00e7a foi mais efetiva e abriu o placar aos 19 minutos, quando Sow rolou a bola para Shaqiri soltar a pancada de dentro da \u00e1rea. Mas cinco minutos depois a S\u00e9rvia igualou o placar. Tadic levantou na \u00e1rea para Mitrovic finalizar de cabe\u00e7a.<\/p>\n<p>E 10 minutos depois os s\u00e9rvios conseguiram a virada, quando a Su\u00ed\u00e7a errou na sa\u00edda de bola e Tadic dominou e tocou para Vlahovic, que bateu na sa\u00edda do goleiro Kobel. Mas a partida estava aberta, e os su\u00ed\u00e7os voltaram a igualar quando Embolo escorou para o fundo das redes cruzamento rasteiro que veio da direita aos 43 minutos.<\/p>\n<p>A etapa final come\u00e7ou na mesma rota\u00e7\u00e3o, e o placar demorou apenas dois minutos para ser alterado novamente. Shaqiri levantou a bola na \u00e1rea com uma cavadinha e Vargas, de calcanhar, achou Freuler, que chegou batendo de primeira.<\/p>\n<p>Com a vantagem de 3 a 2 no marcador a Su\u00ed\u00e7a recuou as linhas e passou a negar espa\u00e7os \u00e0 S\u00e9rvia, que come\u00e7ou a insistir nas bolas levantadas sobre a \u00e1rea advers\u00e1ria, estrat\u00e9gia que n\u00e3o teve sucesso.<\/p>\n<p>Agora, a Su\u00ed\u00e7a come\u00e7a a se preparar para a partida contra Portugal pelas oitavas de final, que ser\u00e1 disputada a partir das 16h (hor\u00e1rio de Bras\u00edlia) da pr\u00f3xima ter\u00e7a-feira (6) no Est\u00e1dio de Lusail.<\/p>\n<p><span style=\"font-weight: 400;\">Fonte: Ag\u00eancia Brasil <\/span><\/p>\n","protected":false},"excerpt":{"rendered":"<p>A Su\u00ed\u00e7a garantiu a classifica\u00e7\u00e3o para as oitavas de final da Copa do Catar ap\u00f3s derrotar a S\u00e9rvia por 3 a 2, na tarde desta sexta-feira (2) no Est\u00e1dio 974, em Doha, pela terceira rodada do Grupo G da competi\u00e7\u00e3o. Com este resultado, os su\u00ed\u00e7os encerraram a fase inicial do Mundial na segunda posi\u00e7\u00e3o da [&hellip;]<\/p>\n","protected":false},"author":246,"featured_media":207333,"comment_status":"closed","ping_status":"closed","sticky":false,"template":"","format":"standard","meta":{"footnotes":""},"categories":[436,257,439],"tags":[],"class_list":["post-207332","post","type-post","status-publish","format-standard","has-post-thumbnail","hentry","category-destaque-da-semana","category-esporte","category-ultima-hora"],"_links":{"self":[{"href":"https:\/\/diarioregionaldigital.com.br\/index.php?rest_route=\/wp\/v2\/posts\/207332","targetHints":{"allow":["GET"]}}],"collection":[{"href":"https:\/\/diarioregionaldigital.com.br\/index.php?rest_route=\/wp\/v2\/posts"}],"about":[{"href":"https:\/\/diarioregionaldigital.com.br\/index.php?rest_route=\/wp\/v2\/types\/post"}],"author":[{"embeddable":true,"href":"https:\/\/diarioregionaldigital.com.br\/index.php?rest_route=\/wp\/v2\/users\/246"}],"replies":[{"embeddable":true,"href":"https:\/\/diarioregionaldigital.com.br\/index.php?rest_route=%2Fwp%2Fv2%2Fcomments&post=207332"}],"version-history":[{"count":1,"href":"https:\/\/diarioregionaldigital.com.br\/index.php?rest_route=\/wp\/v2\/posts\/207332\/revisions"}],"predecessor-version":[{"id":207334,"href":"https:\/\/diarioregionaldigital.com.br\/index.php?rest_route=\/wp\/v2\/posts\/207332\/revisions\/207334"}],"wp:featuredmedia":[{"embeddable":true,"href":"https:\/\/diarioregionaldigital.com.br\/index.php?rest_route=\/wp\/v2\/media\/207333"}],"wp:attachment":[{"href":"https:\/\/diarioregionaldigital.com.br\/index.php?rest_route=%2Fwp%2Fv2%2Fmedia&parent=207332"}],"wp:term":[{"taxonomy":"category","embeddable":true,"href":"https:\/\/diarioregionaldigital.com.br\/index.php?rest_route=%2Fwp%2Fv2%2Fcategories&post=207332"},{"taxonomy":"post_tag","embeddable":true,"href":"https:\/\/diarioregionaldigital.com.br\/index.php?rest_route=%2Fwp%2Fv2%2Ftags&post=207332"}],"curies":[{"name":"wp","href":"https:\/\/api.w.org\/{rel}","templated":true}]}}