{"id":207323,"date":"2022-12-02T18:04:46","date_gmt":"2022-12-02T21:04:46","guid":{"rendered":"https:\/\/diarioregionaldigital.com.br\/?p=207323"},"modified":"2022-12-02T18:04:46","modified_gmt":"2022-12-02T21:04:46","slug":"andre-ramos-tavares-toma-posse-como-ministro-substituto-do-tse","status":"publish","type":"post","link":"https:\/\/diarioregionaldigital.com.br\/?p=207323","title":{"rendered":"Andr\u00e9 Ramos Tavares toma posse como ministro substituto do TSE"},"content":{"rendered":"<div class=\"post-item-wrap\">\n<p>\u00a0advogado Andr\u00e9 Ramos Tavares tomou posse hoje (29) no cargo de ministro substituto do Tribunal Superior Eleitoral (TSE), \u00f3rg\u00e3o respons\u00e1vel pela organiza\u00e7\u00e3o das elei\u00e7\u00f5es.<img decoding=\"async\" src=\"https:\/\/agenciabrasil.ebc.com.br\/ebc.png?id=1496087&amp;o=node\" \/><img decoding=\"async\" src=\"https:\/\/agenciabrasil.ebc.com.br\/ebc.gif?id=1496087&amp;o=node\" \/><\/p>\n<p>No m\u00eas passado, Tavares foi nomeado pelo presidente Jair Bolsonaro para ocupar o cargo.\u00a0A vaga surgiu ap\u00f3s o ministro Carlos M\u00e1rio Velloso Filho, indicado em 2019, ter renunciado ao cargo por motivos de sa\u00fade.<\/p>\n<p>Entre 2010 e 2012, Tavares foi diretor da Escola Judici\u00e1ria Eleitoral do TSE. Ele tamb\u00e9m fundou o Instituto Brasileiro de Estudos Constitucionais e presidiu a Associa\u00e7\u00e3o Brasileira de Direito Processual Constitucional. O novo ministro tamb\u00e9m \u00e9 autor de 100 artigos divulgados em livros, jornais e revistas.<\/p>\n<p>Tavares \u00e9 doutor em Direito pela Pontif\u00edcia Universidade Cat\u00f3lica (PUC-SP). Tamb\u00e9m atuou como professor visitante em universidades na Esc\u00f3cia, na It\u00e1lia e nos Estados Unidos.<\/p>\n<p>O TSE \u00e9 composto por sete ministros, sendo tr\u00eas do Supremo Tribunal Federal (STF), dois do Superior Tribunal de Justi\u00e7a (STJ), e dois advogados com not\u00f3rio saber jur\u00eddico, nomeados pelo presidente da Rep\u00fablica, al\u00e9m de seus substitutos.<\/p>\n<\/div>\n<p class=\"alt-font font-italic my-2 small text-info\"><span style=\"font-weight: 400;\"><br \/>\n<\/span><span style=\"font-weight: 400;\">Fonte: Ag\u00eancia Brasil <\/span><\/p>\n","protected":false},"excerpt":{"rendered":"<p>\u00a0advogado Andr\u00e9 Ramos Tavares tomou posse hoje (29) no cargo de ministro substituto do Tribunal Superior Eleitoral (TSE), \u00f3rg\u00e3o respons\u00e1vel pela organiza\u00e7\u00e3o das elei\u00e7\u00f5es. No m\u00eas passado, Tavares foi nomeado pelo presidente Jair Bolsonaro para ocupar o cargo.\u00a0A vaga surgiu ap\u00f3s o ministro Carlos M\u00e1rio Velloso Filho, indicado em 2019, ter renunciado ao cargo por [&hellip;]<\/p>\n","protected":false},"author":246,"featured_media":207324,"comment_status":"closed","ping_status":"closed","sticky":false,"template":"","format":"standard","meta":{"footnotes":""},"categories":[436,257,439],"tags":[],"class_list":["post-207323","post","type-post","status-publish","format-standard","has-post-thumbnail","hentry","category-destaque-da-semana","category-esporte","category-ultima-hora"],"_links":{"self":[{"href":"https:\/\/diarioregionaldigital.com.br\/index.php?rest_route=\/wp\/v2\/posts\/207323","targetHints":{"allow":["GET"]}}],"collection":[{"href":"https:\/\/diarioregionaldigital.com.br\/index.php?rest_route=\/wp\/v2\/posts"}],"about":[{"href":"https:\/\/diarioregionaldigital.com.br\/index.php?rest_route=\/wp\/v2\/types\/post"}],"author":[{"embeddable":true,"href":"https:\/\/diarioregionaldigital.com.br\/index.php?rest_route=\/wp\/v2\/users\/246"}],"replies":[{"embeddable":true,"href":"https:\/\/diarioregionaldigital.com.br\/index.php?rest_route=%2Fwp%2Fv2%2Fcomments&post=207323"}],"version-history":[{"count":1,"href":"https:\/\/diarioregionaldigital.com.br\/index.php?rest_route=\/wp\/v2\/posts\/207323\/revisions"}],"predecessor-version":[{"id":207325,"href":"https:\/\/diarioregionaldigital.com.br\/index.php?rest_route=\/wp\/v2\/posts\/207323\/revisions\/207325"}],"wp:featuredmedia":[{"embeddable":true,"href":"https:\/\/diarioregionaldigital.com.br\/index.php?rest_route=\/wp\/v2\/media\/207324"}],"wp:attachment":[{"href":"https:\/\/diarioregionaldigital.com.br\/index.php?rest_route=%2Fwp%2Fv2%2Fmedia&parent=207323"}],"wp:term":[{"taxonomy":"category","embeddable":true,"href":"https:\/\/diarioregionaldigital.com.br\/index.php?rest_route=%2Fwp%2Fv2%2Fcategories&post=207323"},{"taxonomy":"post_tag","embeddable":true,"href":"https:\/\/diarioregionaldigital.com.br\/index.php?rest_route=%2Fwp%2Fv2%2Ftags&post=207323"}],"curies":[{"name":"wp","href":"https:\/\/api.w.org\/{rel}","templated":true}]}}