{"id":207320,"date":"2022-12-02T17:07:29","date_gmt":"2022-12-02T20:07:29","guid":{"rendered":"https:\/\/diarioregionaldigital.com.br\/?p=207320"},"modified":"2022-12-02T17:07:29","modified_gmt":"2022-12-02T20:07:29","slug":"supremo-homologa-acordo-de-nao-persecucao-contra-deputado","status":"publish","type":"post","link":"https:\/\/diarioregionaldigital.com.br\/?p=207320","title":{"rendered":"Supremo homologa acordo de n\u00e3o persecu\u00e7\u00e3o contra deputado"},"content":{"rendered":"<p>O ministro do Supremo Tribunal Federal (STF) Lu\u00eds Roberto Barroso homologou um acordo de n\u00e3o persecu\u00e7\u00e3o penal com a defesa do deputado federal Silas C\u00e2mara (Republicanos-AM), acusado de apropria\u00e7\u00e3o de parte do sal\u00e1rio de antigos assessores, pr\u00e1tica conhecida como &#8220;rachadinha&#8221;.<img decoding=\"async\" src=\"https:\/\/agenciabrasil.ebc.com.br\/ebc.png?id=1496502&amp;o=node\" \/><img decoding=\"async\" src=\"https:\/\/agenciabrasil.ebc.com.br\/ebc.gif?id=1496502&amp;o=node\" \/><\/p>\n<p>A decis\u00e3o foi divulgada ontem (1\u00b0), por volta das 23h. O parlamentar dever\u00e1 pagar R$ 242 mil no prazo de 30 dias.<\/p>\n<p>O acordo foi feito pela Procuradoria-Geral da Rep\u00fablica (PGR) com base na confiss\u00e3o do crime. Em peti\u00e7\u00e3o anexada ao processo, o parlamentar assinou uma declara\u00e7\u00e3o na qual confessou os fatos denunciados.<\/p>\n<p>De acordo com a acusa\u00e7\u00e3o da PGR, o deputado teria se apropriado de sal\u00e1rios de secret\u00e1rios parlamentares que trabalhavam no seu gabinete em Bras\u00edlia e no Amazonas. Os crimes teriam ocorrido entre janeiro de 2000 e dezembro de 2001.<\/p>\n<p>Ao aceitar validar o acordo, Barroso entendeu que n\u00e3o \u00e9 poss\u00edvel a aplica\u00e7\u00e3o de acordos de n\u00e3o persecu\u00e7\u00e3o penal ap\u00f3s a fase pr\u00e9-processual, no entanto, de forma excepcional, o ministro admitiu a medida em fun\u00e7\u00e3o da prescri\u00e7\u00e3o do crime, que ocorreu nesta sexta-feira.<\/p>\n<p>&#8220;Embora entenda pelo n\u00e3o cabimento do acordo de n\u00e3o persecu\u00e7\u00e3o penal ap\u00f3s o recebimento da den\u00fancia, as peculiaridades do caso concreto me levam a admiti-lo, em car\u00e1ter excepcional. Isso porque, diante da imin\u00eancia da prescri\u00e7\u00e3o do crime, o acordo de n\u00e3o persecu\u00e7\u00e3o penal (ANPP)\u00a0 se apresenta como a via mais adequada para minimizar os preju\u00edzos ao er\u00e1rio&#8221;, decidiu.<\/p>\n<p>No m\u00eas passado, o caso come\u00e7ou a ser julgado no plen\u00e1rio do STF, mas um pedido de vista\u00a0do\u00a0 ministro Andr\u00e9 Mendon\u00e7a suspendeu o julgamento.<\/p>\n<p>Antes da interrup\u00e7\u00e3o, o placar do julgamento estava em 5 votos a 1 pela condena\u00e7\u00e3o do parlamentar a 5 anos e 3 meses de pris\u00e3o em regime semiaberto pelo crime de peculato.<\/p>\n<p>Na ocasi\u00e3o, a defesa de Silas C\u00e2mara negou as acusa\u00e7\u00f5es e afirmou que a den\u00fancia foi feita h\u00e1 mais de 20 anos por desafetos pol\u00edticos que eram ligados ao suplente do deputado.<\/p>\n<p><span style=\"font-weight: 400;\"><br \/>\n<\/span><span style=\"font-weight: 400;\">Fonte: Ag\u00eancia Brasil <\/span><\/p>\n","protected":false},"excerpt":{"rendered":"<p>O ministro do Supremo Tribunal Federal (STF) Lu\u00eds Roberto Barroso homologou um acordo de n\u00e3o persecu\u00e7\u00e3o penal com a defesa do deputado federal Silas C\u00e2mara (Republicanos-AM), acusado de apropria\u00e7\u00e3o de parte do sal\u00e1rio de antigos assessores, pr\u00e1tica conhecida como &#8220;rachadinha&#8221;. A decis\u00e3o foi divulgada ontem (1\u00b0), por volta das 23h. O parlamentar dever\u00e1 pagar R$ [&hellip;]<\/p>\n","protected":false},"author":246,"featured_media":207321,"comment_status":"closed","ping_status":"closed","sticky":false,"template":"","format":"standard","meta":{"footnotes":""},"categories":[436,254,439],"tags":[],"class_list":["post-207320","post","type-post","status-publish","format-standard","has-post-thumbnail","hentry","category-destaque-da-semana","category-politica","category-ultima-hora"],"_links":{"self":[{"href":"https:\/\/diarioregionaldigital.com.br\/index.php?rest_route=\/wp\/v2\/posts\/207320","targetHints":{"allow":["GET"]}}],"collection":[{"href":"https:\/\/diarioregionaldigital.com.br\/index.php?rest_route=\/wp\/v2\/posts"}],"about":[{"href":"https:\/\/diarioregionaldigital.com.br\/index.php?rest_route=\/wp\/v2\/types\/post"}],"author":[{"embeddable":true,"href":"https:\/\/diarioregionaldigital.com.br\/index.php?rest_route=\/wp\/v2\/users\/246"}],"replies":[{"embeddable":true,"href":"https:\/\/diarioregionaldigital.com.br\/index.php?rest_route=%2Fwp%2Fv2%2Fcomments&post=207320"}],"version-history":[{"count":1,"href":"https:\/\/diarioregionaldigital.com.br\/index.php?rest_route=\/wp\/v2\/posts\/207320\/revisions"}],"predecessor-version":[{"id":207322,"href":"https:\/\/diarioregionaldigital.com.br\/index.php?rest_route=\/wp\/v2\/posts\/207320\/revisions\/207322"}],"wp:featuredmedia":[{"embeddable":true,"href":"https:\/\/diarioregionaldigital.com.br\/index.php?rest_route=\/wp\/v2\/media\/207321"}],"wp:attachment":[{"href":"https:\/\/diarioregionaldigital.com.br\/index.php?rest_route=%2Fwp%2Fv2%2Fmedia&parent=207320"}],"wp:term":[{"taxonomy":"category","embeddable":true,"href":"https:\/\/diarioregionaldigital.com.br\/index.php?rest_route=%2Fwp%2Fv2%2Fcategories&post=207320"},{"taxonomy":"post_tag","embeddable":true,"href":"https:\/\/diarioregionaldigital.com.br\/index.php?rest_route=%2Fwp%2Fv2%2Ftags&post=207320"}],"curies":[{"name":"wp","href":"https:\/\/api.w.org\/{rel}","templated":true}]}}