{"id":207310,"date":"2022-12-02T15:48:26","date_gmt":"2022-12-02T18:48:26","guid":{"rendered":"https:\/\/diarioregionaldigital.com.br\/?p=207310"},"modified":"2022-12-02T15:48:26","modified_gmt":"2022-12-02T18:48:26","slug":"dolar-tem-leve-queda-e-fecha-a-r-519-com-fed-e-pec-da-transicao","status":"publish","type":"post","link":"https:\/\/diarioregionaldigital.com.br\/?p=207310","title":{"rendered":"D\u00f3lar tem leve queda e fecha a R$ 5,19 com Fed e PEC da Transi\u00e7\u00e3o"},"content":{"rendered":"<p>A desacelera\u00e7\u00e3o da infla\u00e7\u00e3o nos Estados Unidos e a Proposta de Emenda \u00e0 Constitui\u00e7\u00e3o (PEC) da Transi\u00e7\u00e3o fizeram o d\u00f3lar iniciar dezembro praticamente est\u00e1vel. No mercado de a\u00e7\u00f5es, o clima foi mais pessimista, com a bolsa de valores caindo pela primeira vez ap\u00f3s duas altas consecutivas.<\/p>\n<p>O d\u00f3lar comercial encerrou esta quinta-feira (1\u00ba) vendido a R$ 5,197, com recuo de apenas 0,09%. A cota\u00e7\u00e3o teve um dia vol\u00e1til, alternando altas e baixas. Na m\u00e1xima do dia, por volta das 9h30, chegou a encostar em R$ 5,22. Na m\u00ednima do dia, perto das 12h, bateu em R$ 5,16.<\/p>\n<p>O mercado de a\u00e7\u00f5es teve um dia de perdas. O \u00edndice Ibovespa, da B3, fechou aos 110.926 pontos, com queda de 1,39%. As principais quedas ocorreram nas a\u00e7\u00f5es de empresas ligadas ao consumo, influenciadas pela desacelera\u00e7\u00e3o da economia.<\/p>\n<p>Segundo o Instituto Brasileiro de Geografia e Estat\u00edstica (IBGE), o Produto Interno Bruto (PIB, soma dos bens e servi\u00e7os produzidos pelo pa\u00eds)\u00a0<a href=\"https:\/\/agenciabrasil.ebc.com.br\/economia\/noticia\/2022-12\/pib-varia-04-no-terceiro-trimestre-de-2022-diz-ibge\" target=\"_blank\" rel=\"noopener\">cresceu 0,4%<\/a>\u00a0no terceiro trimestre e acumula expans\u00e3o de 3,6% em rela\u00e7\u00e3o ao mesmo per\u00edodo de 2021. Apesar de o desempenho ter ficado acima da expectativa, o indicador mostra desacelera\u00e7\u00e3o econ\u00f4mica, provocada principalmente pelos aumentos na taxa Selic (juros b\u00e1sicos da economia), que saltou de 2% ao ano em mar\u00e7o de 2021 para 13,75% ao ano atualmente.<\/p>\n<p>Al\u00e9m da divulga\u00e7\u00e3o do PIB, o mercado dom\u00e9stico foi influenciado pelas negocia\u00e7\u00f5es em torno da PEC da Transi\u00e7\u00e3o. O texto, que obteve o n\u00famero m\u00ednimo de assinaturas na ter\u00e7a-feira (29) para tramitar no Senado, dever\u00e1 ser negociado, com a possibilidade de redu\u00e7\u00e3o do montante fora do teto de gastos e com a excepcionalidade sendo limitada a dois anos. Atualmente, a PEC prev\u00ea a retirada de at\u00e9 R$ 198 bilh\u00f5es do teto por quatro anos.<\/p>\n<p>No exterior, o d\u00f3lar caiu perante as principais moedas do planeta ap\u00f3s a divulga\u00e7\u00e3o de que a infla\u00e7\u00e3o ao consumidor nos Estados Unidos caiu para 0,3% em outubro. O n\u00famero aumenta a perspectiva de que o Federal Reserve (Fed, Banco Central norte-americano) reduza o ritmo de eleva\u00e7\u00e3o dos juros j\u00e1 na reuni\u00e3o de dezembro.<\/p>\n<p>Nas \u00faltimas quatro reuni\u00f5es, o Fed elevou os juros b\u00e1sicos em 0,75 ponto a cada encontro. Ontem (30), o presidente do \u00f3rg\u00e3o, Jerome Powell, tinha indicado que a autoridade monet\u00e1ria norte-americana poderia reduzir o tamanho dos ajustes neste m\u00eas. Altas menores dos juros de economias avan\u00e7adas favorecem pa\u00edses emergentes, como o Brasil.<\/p>\n<p><span style=\"font-weight: 400;\"><br \/>\n<\/span><span style=\"font-weight: 400;\">Fonte: Ag\u00eancia Brasil\u00a0<\/span><span style=\"font-weight: 400;\"><br \/>\n<\/span><\/p>\n","protected":false},"excerpt":{"rendered":"<p>A desacelera\u00e7\u00e3o da infla\u00e7\u00e3o nos Estados Unidos e a Proposta de Emenda \u00e0 Constitui\u00e7\u00e3o (PEC) da Transi\u00e7\u00e3o fizeram o d\u00f3lar iniciar dezembro praticamente est\u00e1vel. No mercado de a\u00e7\u00f5es, o clima foi mais pessimista, com a bolsa de valores caindo pela primeira vez ap\u00f3s duas altas consecutivas. O d\u00f3lar comercial encerrou esta quinta-feira (1\u00ba) vendido a [&hellip;]<\/p>\n","protected":false},"author":246,"featured_media":207311,"comment_status":"closed","ping_status":"closed","sticky":false,"template":"","format":"standard","meta":{"footnotes":""},"categories":[436,261,439],"tags":[],"class_list":["post-207310","post","type-post","status-publish","format-standard","has-post-thumbnail","hentry","category-destaque-da-semana","category-economia","category-ultima-hora"],"_links":{"self":[{"href":"https:\/\/diarioregionaldigital.com.br\/index.php?rest_route=\/wp\/v2\/posts\/207310","targetHints":{"allow":["GET"]}}],"collection":[{"href":"https:\/\/diarioregionaldigital.com.br\/index.php?rest_route=\/wp\/v2\/posts"}],"about":[{"href":"https:\/\/diarioregionaldigital.com.br\/index.php?rest_route=\/wp\/v2\/types\/post"}],"author":[{"embeddable":true,"href":"https:\/\/diarioregionaldigital.com.br\/index.php?rest_route=\/wp\/v2\/users\/246"}],"replies":[{"embeddable":true,"href":"https:\/\/diarioregionaldigital.com.br\/index.php?rest_route=%2Fwp%2Fv2%2Fcomments&post=207310"}],"version-history":[{"count":1,"href":"https:\/\/diarioregionaldigital.com.br\/index.php?rest_route=\/wp\/v2\/posts\/207310\/revisions"}],"predecessor-version":[{"id":207312,"href":"https:\/\/diarioregionaldigital.com.br\/index.php?rest_route=\/wp\/v2\/posts\/207310\/revisions\/207312"}],"wp:featuredmedia":[{"embeddable":true,"href":"https:\/\/diarioregionaldigital.com.br\/index.php?rest_route=\/wp\/v2\/media\/207311"}],"wp:attachment":[{"href":"https:\/\/diarioregionaldigital.com.br\/index.php?rest_route=%2Fwp%2Fv2%2Fmedia&parent=207310"}],"wp:term":[{"taxonomy":"category","embeddable":true,"href":"https:\/\/diarioregionaldigital.com.br\/index.php?rest_route=%2Fwp%2Fv2%2Fcategories&post=207310"},{"taxonomy":"post_tag","embeddable":true,"href":"https:\/\/diarioregionaldigital.com.br\/index.php?rest_route=%2Fwp%2Fv2%2Ftags&post=207310"}],"curies":[{"name":"wp","href":"https:\/\/api.w.org\/{rel}","templated":true}]}}