{"id":207298,"date":"2022-12-02T01:51:31","date_gmt":"2022-12-02T04:51:31","guid":{"rendered":"https:\/\/diarioregionaldigital.com.br\/?p=207298"},"modified":"2022-12-02T01:51:31","modified_gmt":"2022-12-02T04:51:31","slug":"por-amor-deus-muda-o-plano","status":"publish","type":"post","link":"https:\/\/diarioregionaldigital.com.br\/?p=207298","title":{"rendered":"Por amor, Deus muda o plano"},"content":{"rendered":"<p>Algumas pessoas t\u00eam d\u00favida se Deus, sendo onisciente e onipotente, pode alterar Seus planos em resposta aos pedidos que fazemos em ora\u00e7\u00e3o. Para saber que sim, veja o seguinte exemplo b\u00edblico:<\/p>\n<p>\u201cNaqueles dias Ezequias ficou doente, \u00e0 beira da morte. O profeta Isa\u00edas, filho de Amoz, foi visit\u00e1-lo e lhe disse: \u2018Assim diz o Senhor: Ponha a casa em ordem, porque voc\u00ea vai morrer; voc\u00ea n\u00e3o se recuperou'&#8221; (Isa\u00edas 38: 1)<\/p>\n<p>O rei Ezequias estava doente e, provavelmente buscando socorro, trouxe o profeta Isa\u00edas \u00e0 sua presen\u00e7a, por\u00e9m, teve dele a not\u00edcia desalentadora: voc\u00ea vai morrer!<\/p>\n<p>\u201cEzequias virou o rosto para a parede e orou ao Senhor: \u2018Lembra-te, Senhor, de como tenho te servido com fidelidade e com devo\u00e7\u00e3o sincera, e tenho feito o que tu aprovas\u2019. E Ezequias chorou amargamente\u201d (Isa\u00edas 38: 2, 3).<\/p>\n<p>O rei, ent\u00e3o, apresentou sua causa ao Senhor em ora\u00e7\u00e3o e veio uma outra resposta:<\/p>\n<p>\u201cEnt\u00e3o a palavra do Senhor veio a Isa\u00edas: \u2018V\u00e1 dizer a Ezequias: \u2018Assim diz o Senhor, o Deus de seu antepassado Davi: Ouvi sua ora\u00e7\u00e3o e vi suas l\u00e1grimas; acrescentarei quinze anos \u00e0 sua vida (Isa\u00edas 38: 4, 5).<\/p>\n<p>Deus, em sua infinita miseric\u00f3rdia, atendeu \u00e0 s\u00faplica daquele homem e lhe concedeu outros 15 anos de vida e mais ainda:<\/p>\n<p>\u201cE eu livrarei voc\u00ea e esta cidade das m\u00e3os do rei da Ass\u00edria. Eu defenderei esta cidade. Este \u00e9 o sinal de que o Senhor far\u00e1 o que prometeu: Farei a sombra do sol retroceder os dez degraus que ela j\u00e1 cobriu na escadaria de Acaz\u2019 . E a luz do sol retrocedeu os dez degraus que tinha avan\u00e7ado\u201d (Isa\u00edas 38: 6-8)<\/p>\n<p>O caso do rei Ezequias comprova que o Senhor, em sua infinita miseric\u00f3rdia e benevol\u00eancia, \u00e9 capaz de mudar o Seu plano para atender nossas s\u00faplicas.<\/p>\n<p>O Alt\u00edssimo n\u00e3o precisa fazer, por\u00e9m, por amor aos seus filhos, simplesmente, faz. E, invariavelmente, d\u00e1 at\u00e9 mais do que pedimos ou mesmo pensamos (Ef 3.20).<\/p>\n<p>Deus \u00e9 bom, Ele \u00e9 sempre BOM!<\/p>\n","protected":false},"excerpt":{"rendered":"<p>Algumas pessoas t\u00eam d\u00favida se Deus, sendo onisciente e onipotente, pode alterar Seus planos em resposta aos pedidos que fazemos em ora\u00e7\u00e3o. Para saber que sim, veja o seguinte exemplo b\u00edblico: \u201cNaqueles dias Ezequias ficou doente, \u00e0 beira da morte. O profeta Isa\u00edas, filho de Amoz, foi visit\u00e1-lo e lhe disse: \u2018Assim diz o Senhor: [&hellip;]<\/p>\n","protected":false},"author":96,"featured_media":0,"comment_status":"closed","ping_status":"closed","sticky":false,"template":"","format":"standard","meta":{"footnotes":""},"categories":[1244],"tags":[],"class_list":["post-207298","post","type-post","status-publish","format-standard","hentry","category-oleg-abramov"],"_links":{"self":[{"href":"https:\/\/diarioregionaldigital.com.br\/index.php?rest_route=\/wp\/v2\/posts\/207298","targetHints":{"allow":["GET"]}}],"collection":[{"href":"https:\/\/diarioregionaldigital.com.br\/index.php?rest_route=\/wp\/v2\/posts"}],"about":[{"href":"https:\/\/diarioregionaldigital.com.br\/index.php?rest_route=\/wp\/v2\/types\/post"}],"author":[{"embeddable":true,"href":"https:\/\/diarioregionaldigital.com.br\/index.php?rest_route=\/wp\/v2\/users\/96"}],"replies":[{"embeddable":true,"href":"https:\/\/diarioregionaldigital.com.br\/index.php?rest_route=%2Fwp%2Fv2%2Fcomments&post=207298"}],"version-history":[{"count":1,"href":"https:\/\/diarioregionaldigital.com.br\/index.php?rest_route=\/wp\/v2\/posts\/207298\/revisions"}],"predecessor-version":[{"id":207299,"href":"https:\/\/diarioregionaldigital.com.br\/index.php?rest_route=\/wp\/v2\/posts\/207298\/revisions\/207299"}],"wp:attachment":[{"href":"https:\/\/diarioregionaldigital.com.br\/index.php?rest_route=%2Fwp%2Fv2%2Fmedia&parent=207298"}],"wp:term":[{"taxonomy":"category","embeddable":true,"href":"https:\/\/diarioregionaldigital.com.br\/index.php?rest_route=%2Fwp%2Fv2%2Fcategories&post=207298"},{"taxonomy":"post_tag","embeddable":true,"href":"https:\/\/diarioregionaldigital.com.br\/index.php?rest_route=%2Fwp%2Fv2%2Ftags&post=207298"}],"curies":[{"name":"wp","href":"https:\/\/api.w.org\/{rel}","templated":true}]}}