{"id":207289,"date":"2022-12-01T20:01:41","date_gmt":"2022-12-01T23:01:41","guid":{"rendered":"https:\/\/diarioregionaldigital.com.br\/?p=207289"},"modified":"2022-12-01T21:38:14","modified_gmt":"2022-12-02T00:38:14","slug":"homem-de-29-anos-e-preso-por-porte-ilegal-e-trafico-no-bairro-teixeiras","status":"publish","type":"post","link":"https:\/\/diarioregionaldigital.com.br\/?p=207289","title":{"rendered":"Homem de 29 anos \u00e9 preso por porte ilegal e tr\u00e1fico no bairro Teixeiras"},"content":{"rendered":"<p>Durante opera\u00e7\u00e3o batida policial, chegou \u00e0 equipe uma den\u00fancia (181 &#8211; DDU Disque Den\u00fancia Unificado), relatando crimes de posse de arma de fogo e trafico il\u00edcito de drogas praticados por um autor j\u00e1 conhecido no meio policial por envolvimento com homic\u00eddios e tr\u00e1fico na sub\u00e1rea da 32\u00aa Cia\/27\u00b0 BPM, nesta quinta-feira, dia 01. De imediato, a equipe T\u00e1tico M\u00f3vel do 27\u00b0 BPM deslocou ao endere\u00e7o ora denunciado, sendo abordado o autor e ap\u00f3s a realiza\u00e7\u00e3o de dilig\u00eancias e buscas, com o apoio da equipe MOTOGER da 4 Cia Ind PE, foram localizados os materiais apreendidos.<br \/>\nDiante dos fatos foi dada voz de pris\u00e3o em flagrante delito ao autor, sendo este conduzido \u00e0 delegacia juntamente com os materiais apreendidos.<\/p>\n<p><strong>MATERIAIS APREENDIDOS:<\/strong><\/p>\n<p>167 Pinos\/eppendorfs<br \/>\n43 papelotes coca\u00edna<br \/>\n07 por\u00e7\u00f5es coca\u00edna<br \/>\n01 por\u00e7\u00e3o \u00e1cido b\u00f3rico<br \/>\n03 buchas maconha<br \/>\n01 por\u00e7\u00e3o de maconha<br \/>\nDiversos sacoles<br \/>\nDiversos eppendorfs vazios<br \/>\n17,00 reais<br \/>\n01 Rv cal 38<br \/>\n06 muni\u00e7\u00f5es cal 38<br \/>\n01 celular<\/p>\n","protected":false},"excerpt":{"rendered":"<p>Durante opera\u00e7\u00e3o batida policial, chegou \u00e0 equipe uma den\u00fancia (181 &#8211; DDU Disque Den\u00fancia Unificado), relatando crimes de posse de arma de fogo e trafico il\u00edcito de drogas praticados por um autor j\u00e1 conhecido no meio policial por envolvimento com homic\u00eddios e tr\u00e1fico na sub\u00e1rea da 32\u00aa Cia\/27\u00b0 BPM, nesta quinta-feira, dia 01. De imediato, [&hellip;]<\/p>\n","protected":false},"author":246,"featured_media":207290,"comment_status":"closed","ping_status":"closed","sticky":false,"template":"","format":"standard","meta":{"footnotes":""},"categories":[301,439],"tags":[],"class_list":["post-207289","post","type-post","status-publish","format-standard","has-post-thumbnail","hentry","category-artigos-policiais","category-ultima-hora"],"_links":{"self":[{"href":"https:\/\/diarioregionaldigital.com.br\/index.php?rest_route=\/wp\/v2\/posts\/207289","targetHints":{"allow":["GET"]}}],"collection":[{"href":"https:\/\/diarioregionaldigital.com.br\/index.php?rest_route=\/wp\/v2\/posts"}],"about":[{"href":"https:\/\/diarioregionaldigital.com.br\/index.php?rest_route=\/wp\/v2\/types\/post"}],"author":[{"embeddable":true,"href":"https:\/\/diarioregionaldigital.com.br\/index.php?rest_route=\/wp\/v2\/users\/246"}],"replies":[{"embeddable":true,"href":"https:\/\/diarioregionaldigital.com.br\/index.php?rest_route=%2Fwp%2Fv2%2Fcomments&post=207289"}],"version-history":[{"count":2,"href":"https:\/\/diarioregionaldigital.com.br\/index.php?rest_route=\/wp\/v2\/posts\/207289\/revisions"}],"predecessor-version":[{"id":207292,"href":"https:\/\/diarioregionaldigital.com.br\/index.php?rest_route=\/wp\/v2\/posts\/207289\/revisions\/207292"}],"wp:featuredmedia":[{"embeddable":true,"href":"https:\/\/diarioregionaldigital.com.br\/index.php?rest_route=\/wp\/v2\/media\/207290"}],"wp:attachment":[{"href":"https:\/\/diarioregionaldigital.com.br\/index.php?rest_route=%2Fwp%2Fv2%2Fmedia&parent=207289"}],"wp:term":[{"taxonomy":"category","embeddable":true,"href":"https:\/\/diarioregionaldigital.com.br\/index.php?rest_route=%2Fwp%2Fv2%2Fcategories&post=207289"},{"taxonomy":"post_tag","embeddable":true,"href":"https:\/\/diarioregionaldigital.com.br\/index.php?rest_route=%2Fwp%2Fv2%2Ftags&post=207289"}],"curies":[{"name":"wp","href":"https:\/\/api.w.org\/{rel}","templated":true}]}}