{"id":207286,"date":"2022-12-01T19:55:09","date_gmt":"2022-12-01T22:55:09","guid":{"rendered":"https:\/\/diarioregionaldigital.com.br\/?p=207286"},"modified":"2022-12-01T19:55:33","modified_gmt":"2022-12-01T22:55:33","slug":"pjf-remodela-920-metros-de-redes-de-esgoto-no-bairro-sao-benedito","status":"publish","type":"post","link":"https:\/\/diarioregionaldigital.com.br\/?p=207286","title":{"rendered":"PJF remodela 920 metros de redes de esgoto no Bairro S\u00e3o Benedito"},"content":{"rendered":"<p>Segundo informa\u00e7\u00f5es do site da Prefeitura de Juiz de Fora, at\u00e9 mar\u00e7o, a Avenida Agilberto Costa, no bairro S\u00e3o Benedito, ir\u00e1 contar com um sistema de coleta de esgoto renovado. A Prefeitura de Juiz de Fora (PJF) est\u00e1 substituindo as antigas manilhas de barro que atendiam a via por tubos de PVC, com 200 mil\u00edmetros de di\u00e2metro. O novo material ir\u00e1 aumentar a vida \u00fatil do sistema e reduzir a necessidade de manuten\u00e7\u00f5es.<\/p>\n<p>Para a execu\u00e7\u00e3o dos trabalhos, o tr\u00e2nsito est\u00e1 parcialmente interditado na avenida, podendo variar conforme a necessidade da obra, de segunda a sexta-feira, das 8h \u00e0s 17h. Assim, a Companhia de Saneamento Municipal (Cesama) pede aos moradores que, se poss\u00edvel, retirem seus ve\u00edculos da via antes do in\u00edcio dos servi\u00e7os.<\/p>\n<p>As a\u00e7\u00f5es de remodela\u00e7\u00e3o de redes de esgoto s\u00e3o realizadas pela Cesama ao longo do ano, seguindo uma programa\u00e7\u00e3o de prioridades, quando \u00e9 avaliada a necessidade de troca da tubula\u00e7\u00e3o. A an\u00e1lise leva em conta a antiguidade e o desgaste do material, o fato de o dimensionamento da rede j\u00e1 n\u00e3o ser compat\u00edvel com o n\u00famero de im\u00f3veis atendidos e os transtornos causados aos usu\u00e1rios do sistema, al\u00e9m dos custos de manuten\u00e7\u00e3o.<\/p>\n","protected":false},"excerpt":{"rendered":"<p>Segundo informa\u00e7\u00f5es do site da Prefeitura de Juiz de Fora, at\u00e9 mar\u00e7o, a Avenida Agilberto Costa, no bairro S\u00e3o Benedito, ir\u00e1 contar com um sistema de coleta de esgoto renovado. A Prefeitura de Juiz de Fora (PJF) est\u00e1 substituindo as antigas manilhas de barro que atendiam a via por tubos de PVC, com 200 mil\u00edmetros [&hellip;]<\/p>\n","protected":false},"author":246,"featured_media":207287,"comment_status":"closed","ping_status":"closed","sticky":false,"template":"","format":"standard","meta":{"footnotes":""},"categories":[253,436,439],"tags":[],"class_list":["post-207286","post","type-post","status-publish","format-standard","has-post-thumbnail","hentry","category-cidade","category-destaque-da-semana","category-ultima-hora"],"_links":{"self":[{"href":"https:\/\/diarioregionaldigital.com.br\/index.php?rest_route=\/wp\/v2\/posts\/207286","targetHints":{"allow":["GET"]}}],"collection":[{"href":"https:\/\/diarioregionaldigital.com.br\/index.php?rest_route=\/wp\/v2\/posts"}],"about":[{"href":"https:\/\/diarioregionaldigital.com.br\/index.php?rest_route=\/wp\/v2\/types\/post"}],"author":[{"embeddable":true,"href":"https:\/\/diarioregionaldigital.com.br\/index.php?rest_route=\/wp\/v2\/users\/246"}],"replies":[{"embeddable":true,"href":"https:\/\/diarioregionaldigital.com.br\/index.php?rest_route=%2Fwp%2Fv2%2Fcomments&post=207286"}],"version-history":[{"count":1,"href":"https:\/\/diarioregionaldigital.com.br\/index.php?rest_route=\/wp\/v2\/posts\/207286\/revisions"}],"predecessor-version":[{"id":207288,"href":"https:\/\/diarioregionaldigital.com.br\/index.php?rest_route=\/wp\/v2\/posts\/207286\/revisions\/207288"}],"wp:featuredmedia":[{"embeddable":true,"href":"https:\/\/diarioregionaldigital.com.br\/index.php?rest_route=\/wp\/v2\/media\/207287"}],"wp:attachment":[{"href":"https:\/\/diarioregionaldigital.com.br\/index.php?rest_route=%2Fwp%2Fv2%2Fmedia&parent=207286"}],"wp:term":[{"taxonomy":"category","embeddable":true,"href":"https:\/\/diarioregionaldigital.com.br\/index.php?rest_route=%2Fwp%2Fv2%2Fcategories&post=207286"},{"taxonomy":"post_tag","embeddable":true,"href":"https:\/\/diarioregionaldigital.com.br\/index.php?rest_route=%2Fwp%2Fv2%2Ftags&post=207286"}],"curies":[{"name":"wp","href":"https:\/\/api.w.org\/{rel}","templated":true}]}}