{"id":207283,"date":"2022-12-01T19:53:51","date_gmt":"2022-12-01T22:53:51","guid":{"rendered":"https:\/\/diarioregionaldigital.com.br\/?p=207283"},"modified":"2022-12-01T19:53:51","modified_gmt":"2022-12-01T22:53:51","slug":"jovens-liderancas-sao-capacitadas-para-atuarem-na-questao-da-violencia-contra-a-mulher","status":"publish","type":"post","link":"https:\/\/diarioregionaldigital.com.br\/?p=207283","title":{"rendered":"Jovens lideran\u00e7as s\u00e3o capacitadas para atuarem na quest\u00e3o da viol\u00eancia contra a mulher"},"content":{"rendered":"<p>Segundo informa\u00e7\u00f5es do site da Prefeitura de Juiz de Fora, a Escola Estadual Almirante Barroso, localizada em Benfica, recebeu o segundo encontro da capacita\u00e7\u00e3o de jovens lideran\u00e7as para atuarem na quest\u00e3o da viol\u00eancia contra a mulher. Na oportunidade, foi apresentada ao grupo a rede de atendimento \u00e0 mulher v\u00edtima de viol\u00eancia. A ideia \u00e9 preparar multiplicadores para abordagem da tem\u00e1tica junto \u00e0 comunidade escolar, promovendo um ambiente de preven\u00e7\u00e3o de casos desta natureza.<\/p>\n<p>Os objetivos do trabalho, realizado com quem est\u00e1 come\u00e7ando a viv\u00eancia de relacionamentos afetivos,\u00a0 s\u00e3o refor\u00e7ar a prote\u00e7\u00e3o da mulher contra a viol\u00eancia, por meio da disponibiliza\u00e7\u00e3o de informa\u00e7\u00e3o, e construir caminhos que favore\u00e7am a ruptura do sil\u00eancio, estimulem a verbaliza\u00e7\u00e3o e a sa\u00edda ou evitem o in\u00edcio do ciclo de viol\u00eancias. Da mesma forma, o trabalho foca na orienta\u00e7\u00e3o dos estudantes para a mudan\u00e7a da cultura machista.<\/p>\n<p>A a\u00e7\u00e3o, desenvolvida pelas secretarias de Seguran\u00e7a Urbana e Cidadania (Sesuc) e Especial de Direitos Humanos (SEDH), por meio da Casa da Mulher, em parceria com o N\u00facleo Intersetorial de Preven\u00e7\u00e3o da Viol\u00eancia e Promo\u00e7\u00e3o da Paz, atende \u00e0 demanda da escola, apresentada ap\u00f3s uma palestra realizada para os alunos, em agosto, com a tem\u00e1tica do enfrentamento \u00e0 viol\u00eancia contra a mulher.<\/p>\n","protected":false},"excerpt":{"rendered":"<p>Segundo informa\u00e7\u00f5es do site da Prefeitura de Juiz de Fora, a Escola Estadual Almirante Barroso, localizada em Benfica, recebeu o segundo encontro da capacita\u00e7\u00e3o de jovens lideran\u00e7as para atuarem na quest\u00e3o da viol\u00eancia contra a mulher. Na oportunidade, foi apresentada ao grupo a rede de atendimento \u00e0 mulher v\u00edtima de viol\u00eancia. A ideia \u00e9 preparar [&hellip;]<\/p>\n","protected":false},"author":246,"featured_media":207284,"comment_status":"closed","ping_status":"closed","sticky":false,"template":"","format":"standard","meta":{"footnotes":""},"categories":[253,436,439],"tags":[],"class_list":["post-207283","post","type-post","status-publish","format-standard","has-post-thumbnail","hentry","category-cidade","category-destaque-da-semana","category-ultima-hora"],"_links":{"self":[{"href":"https:\/\/diarioregionaldigital.com.br\/index.php?rest_route=\/wp\/v2\/posts\/207283","targetHints":{"allow":["GET"]}}],"collection":[{"href":"https:\/\/diarioregionaldigital.com.br\/index.php?rest_route=\/wp\/v2\/posts"}],"about":[{"href":"https:\/\/diarioregionaldigital.com.br\/index.php?rest_route=\/wp\/v2\/types\/post"}],"author":[{"embeddable":true,"href":"https:\/\/diarioregionaldigital.com.br\/index.php?rest_route=\/wp\/v2\/users\/246"}],"replies":[{"embeddable":true,"href":"https:\/\/diarioregionaldigital.com.br\/index.php?rest_route=%2Fwp%2Fv2%2Fcomments&post=207283"}],"version-history":[{"count":1,"href":"https:\/\/diarioregionaldigital.com.br\/index.php?rest_route=\/wp\/v2\/posts\/207283\/revisions"}],"predecessor-version":[{"id":207285,"href":"https:\/\/diarioregionaldigital.com.br\/index.php?rest_route=\/wp\/v2\/posts\/207283\/revisions\/207285"}],"wp:featuredmedia":[{"embeddable":true,"href":"https:\/\/diarioregionaldigital.com.br\/index.php?rest_route=\/wp\/v2\/media\/207284"}],"wp:attachment":[{"href":"https:\/\/diarioregionaldigital.com.br\/index.php?rest_route=%2Fwp%2Fv2%2Fmedia&parent=207283"}],"wp:term":[{"taxonomy":"category","embeddable":true,"href":"https:\/\/diarioregionaldigital.com.br\/index.php?rest_route=%2Fwp%2Fv2%2Fcategories&post=207283"},{"taxonomy":"post_tag","embeddable":true,"href":"https:\/\/diarioregionaldigital.com.br\/index.php?rest_route=%2Fwp%2Fv2%2Ftags&post=207283"}],"curies":[{"name":"wp","href":"https:\/\/api.w.org\/{rel}","templated":true}]}}