{"id":207277,"date":"2022-12-01T19:46:18","date_gmt":"2022-12-01T22:46:18","guid":{"rendered":"https:\/\/diarioregionaldigital.com.br\/?p=207277"},"modified":"2022-12-01T19:46:18","modified_gmt":"2022-12-01T22:46:18","slug":"natal-de-todos-nos-juiz-de-fora-tera-iluminacao-ornamentacao-e-cantata","status":"publish","type":"post","link":"https:\/\/diarioregionaldigital.com.br\/?p=207277","title":{"rendered":"Natal de Todos N\u00f3s: Juiz de Fora ter\u00e1 ilumina\u00e7\u00e3o, ornamenta\u00e7\u00e3o e cantata"},"content":{"rendered":"<p>Segundo informa\u00e7\u00f5es do site da Prefeitura de Juiz de Fora,\u00a0 as luzes comemorativas da celebra\u00e7\u00e3o do Natal de Juiz de Fora ser\u00e3o acesas nesta segunda-feira, 5, \u00e0s 19h30 no Parque Halfeld. Al\u00e9m da ilumina\u00e7\u00e3o do Parque, a Prefeitura de Juiz de Fora (PJF), no mesmo dia, acionar\u00e1 tamb\u00e9m as luzes no Morro do Cristo, na Rua Halfeld, que contar\u00e1 com \u00c1rvore de Natal, e na Avenida Rio Branco, entre as ruas Esp\u00edrito Santo e S\u00e3o Sebasti\u00e3o, dentro do projeto \u201cNatal de Todos N\u00f3s\u201d. A PJF tamb\u00e9m prepara uma ornamenta\u00e7\u00e3o especial para os locais como parte dos festejos natalinos e uma cantata no Parque Halfeld, com o coral das crian\u00e7as do projeto Criar Sesc, \u00e0s 20h.<\/p>\n<div id=\"box_texto_noticia\">\n<p>O objetivo das festividades \u00e9 tamb\u00e9m reunir moradores e turistas em um dos pontos centrais da cidade, al\u00e9m de realizar a promo\u00e7\u00e3o da ampla variedade de produtos e servi\u00e7os que o com\u00e9rcio de Juiz de Fora pode oferecer aos seus visitantes nesta \u00e9poca do ano. A instala\u00e7\u00e3o dos adere\u00e7os \u00e9 fruto do trabalho de v\u00e1rias equipes da PJF.<\/p>\n<p>Em um primeiro momento, a decora\u00e7\u00e3o abranger\u00e1 o Centro da cidade, mas, ao longo dos dias, diversas outras regi\u00f5es, fora do centro urbano, ter\u00e3o suas luzes e decora\u00e7\u00f5es entregues. Elas receber\u00e3o adere\u00e7os que prometem encantar toda a popula\u00e7\u00e3o. A PJF divulgar\u00e1, em breve, os locais que receber\u00e3o as luzes e ornamenta\u00e7\u00f5es natalinas.<\/p>\n<p>As ornamenta\u00e7\u00f5es seguir\u00e3o at\u00e9 o Dia de Reis, 6 de janeiro. No Morro do Cristo ser\u00e1 instalada uma estrela de led, enquanto as \u00e1rvores e palmeiras do Parque Halfeld receber\u00e3o cord\u00f5es luminosos de l\u00e2mpadas de led e t\u00fanel de luzes. Al\u00e9m disso, com o intuito de simular o efeito de neve caindo, as \u00e1rvores ter\u00e3o suas copas ornamentadas com conjuntos de tubos de\u00a0<em>snowfall<\/em>. A Rua Halfeld, por sua vez, ganhar\u00e1 15 arcos iluminados e, na Avenida Rio Branco, haver\u00e1 43 estruturas de luzes brancas no formato de cometas. A Casa da Guarda Municipal tamb\u00e9m receber\u00e1 uma decora\u00e7\u00e3o especial.<\/p>\n<p><strong>Foto:<\/strong>\u00a0Pexels<\/p>\n<\/div>\n<p>&nbsp;<\/p>\n","protected":false},"excerpt":{"rendered":"<p>Segundo informa\u00e7\u00f5es do site da Prefeitura de Juiz de Fora,\u00a0 as luzes comemorativas da celebra\u00e7\u00e3o do Natal de Juiz de Fora ser\u00e3o acesas nesta segunda-feira, 5, \u00e0s 19h30 no Parque Halfeld. Al\u00e9m da ilumina\u00e7\u00e3o do Parque, a Prefeitura de Juiz de Fora (PJF), no mesmo dia, acionar\u00e1 tamb\u00e9m as luzes no Morro do Cristo, na [&hellip;]<\/p>\n","protected":false},"author":246,"featured_media":207278,"comment_status":"closed","ping_status":"closed","sticky":false,"template":"","format":"standard","meta":{"footnotes":""},"categories":[253,436,440,439],"tags":[],"class_list":["post-207277","post","type-post","status-publish","format-standard","has-post-thumbnail","hentry","category-cidade","category-destaque-da-semana","category-destaques-do-dia","category-ultima-hora"],"_links":{"self":[{"href":"https:\/\/diarioregionaldigital.com.br\/index.php?rest_route=\/wp\/v2\/posts\/207277","targetHints":{"allow":["GET"]}}],"collection":[{"href":"https:\/\/diarioregionaldigital.com.br\/index.php?rest_route=\/wp\/v2\/posts"}],"about":[{"href":"https:\/\/diarioregionaldigital.com.br\/index.php?rest_route=\/wp\/v2\/types\/post"}],"author":[{"embeddable":true,"href":"https:\/\/diarioregionaldigital.com.br\/index.php?rest_route=\/wp\/v2\/users\/246"}],"replies":[{"embeddable":true,"href":"https:\/\/diarioregionaldigital.com.br\/index.php?rest_route=%2Fwp%2Fv2%2Fcomments&post=207277"}],"version-history":[{"count":1,"href":"https:\/\/diarioregionaldigital.com.br\/index.php?rest_route=\/wp\/v2\/posts\/207277\/revisions"}],"predecessor-version":[{"id":207279,"href":"https:\/\/diarioregionaldigital.com.br\/index.php?rest_route=\/wp\/v2\/posts\/207277\/revisions\/207279"}],"wp:featuredmedia":[{"embeddable":true,"href":"https:\/\/diarioregionaldigital.com.br\/index.php?rest_route=\/wp\/v2\/media\/207278"}],"wp:attachment":[{"href":"https:\/\/diarioregionaldigital.com.br\/index.php?rest_route=%2Fwp%2Fv2%2Fmedia&parent=207277"}],"wp:term":[{"taxonomy":"category","embeddable":true,"href":"https:\/\/diarioregionaldigital.com.br\/index.php?rest_route=%2Fwp%2Fv2%2Fcategories&post=207277"},{"taxonomy":"post_tag","embeddable":true,"href":"https:\/\/diarioregionaldigital.com.br\/index.php?rest_route=%2Fwp%2Fv2%2Ftags&post=207277"}],"curies":[{"name":"wp","href":"https:\/\/api.w.org\/{rel}","templated":true}]}}