{"id":207274,"date":"2022-12-01T19:29:26","date_gmt":"2022-12-01T22:29:26","guid":{"rendered":"https:\/\/diarioregionaldigital.com.br\/?p=207274"},"modified":"2022-12-01T19:29:26","modified_gmt":"2022-12-01T22:29:26","slug":"pele-esta-em-quarto-comum-e-tem-quadro-estavel-segundo-boletim-medico","status":"publish","type":"post","link":"https:\/\/diarioregionaldigital.com.br\/?p=207274","title":{"rendered":"Pel\u00e9 est\u00e1 em quarto comum e tem quadro est\u00e1vel, segundo boletim m\u00e9dico"},"content":{"rendered":"<p>Boletim m\u00e9dico de Pel\u00e9, de 82 anos, divulgado na tarde desta quarta-feira (30) pelo Hospital Israelita Albert Einstein, afirma que o ex-jogador foi internado ontem (29) para\u00a0reavalia\u00e7\u00e3o do tratamento quimioter\u00e1pico do tumor de c\u00f3lon. Ap\u00f3s os exames, e constatado que Pel\u00e9 est\u00e1 em pleno controle das fun\u00e7\u00f5es vitais e condi\u00e7\u00e3o cl\u00ednica est\u00e1vel, ele foi levado a um quarto comum onde permanece em observa\u00e7\u00e3o.<img decoding=\"async\" src=\"https:\/\/agenciabrasil.ebc.com.br\/ebc.png?id=1496137&amp;o=node\" \/><img decoding=\"async\" src=\"https:\/\/agenciabrasil.ebc.com.br\/ebc.gif?id=1496137&amp;o=node\" \/><\/p>\n<p>A nota m\u00e9dica \u00e9 assinada pelo geriatra\u00a0e endocrinologista\u00a0Fabio Nasri, pelo\u00a0oncologistas\u00a0Rene Gansi e pelo doutor Miguel Cendoroglo, diretor-superintendente do Albert Esintein.<\/p>\n<p>No in\u00edcio da tarde de hoje (30),\u00a0Kely Nascimento, uma das filhas do ex-jogador, confirmou a interna\u00e7\u00e3o de Pel\u00e9 em publica\u00e7\u00e3o no Instagram.<\/p>\n<p>&#8220;N\u00e3o tem surpresa nem emerg\u00eancia&#8221;, afirmou Kely. E completou : \u201cMeu pais (sic) est\u00e1 internado, est\u00e1 regulando medicamento&#8221;. &#8220;Agradecemos muito todo carinho e amor que voc\u00eas transmitem!!&#8221;, disse Kely, sem revelar o nome do hospital.<\/p>\n<p>Em fevereiro deste ano, o Rei do futebol\u00a0esteve internado no\u00a0Albert Einstein para realizar uma bateria de exames de rotina. Na ocasi\u00e3o, tratou um quadro de infec\u00e7\u00e3o urin\u00e1ria.<\/p>\n<p>Em setembro de 2021, o Rei do Futebol foi submetido a uma cirurgia para retirada de\u00a0tumor no c\u00f3lon.<\/p>\n<p>Fonte: Ag\u00eancia Brasil<\/p>\n","protected":false},"excerpt":{"rendered":"<p>Boletim m\u00e9dico de Pel\u00e9, de 82 anos, divulgado na tarde desta quarta-feira (30) pelo Hospital Israelita Albert Einstein, afirma que o ex-jogador foi internado ontem (29) para\u00a0reavalia\u00e7\u00e3o do tratamento quimioter\u00e1pico do tumor de c\u00f3lon. Ap\u00f3s os exames, e constatado que Pel\u00e9 est\u00e1 em pleno controle das fun\u00e7\u00f5es vitais e condi\u00e7\u00e3o cl\u00ednica est\u00e1vel, ele foi levado [&hellip;]<\/p>\n","protected":false},"author":246,"featured_media":207275,"comment_status":"closed","ping_status":"closed","sticky":false,"template":"","format":"standard","meta":{"footnotes":""},"categories":[436,257,439],"tags":[],"class_list":["post-207274","post","type-post","status-publish","format-standard","has-post-thumbnail","hentry","category-destaque-da-semana","category-esporte","category-ultima-hora"],"_links":{"self":[{"href":"https:\/\/diarioregionaldigital.com.br\/index.php?rest_route=\/wp\/v2\/posts\/207274","targetHints":{"allow":["GET"]}}],"collection":[{"href":"https:\/\/diarioregionaldigital.com.br\/index.php?rest_route=\/wp\/v2\/posts"}],"about":[{"href":"https:\/\/diarioregionaldigital.com.br\/index.php?rest_route=\/wp\/v2\/types\/post"}],"author":[{"embeddable":true,"href":"https:\/\/diarioregionaldigital.com.br\/index.php?rest_route=\/wp\/v2\/users\/246"}],"replies":[{"embeddable":true,"href":"https:\/\/diarioregionaldigital.com.br\/index.php?rest_route=%2Fwp%2Fv2%2Fcomments&post=207274"}],"version-history":[{"count":1,"href":"https:\/\/diarioregionaldigital.com.br\/index.php?rest_route=\/wp\/v2\/posts\/207274\/revisions"}],"predecessor-version":[{"id":207276,"href":"https:\/\/diarioregionaldigital.com.br\/index.php?rest_route=\/wp\/v2\/posts\/207274\/revisions\/207276"}],"wp:featuredmedia":[{"embeddable":true,"href":"https:\/\/diarioregionaldigital.com.br\/index.php?rest_route=\/wp\/v2\/media\/207275"}],"wp:attachment":[{"href":"https:\/\/diarioregionaldigital.com.br\/index.php?rest_route=%2Fwp%2Fv2%2Fmedia&parent=207274"}],"wp:term":[{"taxonomy":"category","embeddable":true,"href":"https:\/\/diarioregionaldigital.com.br\/index.php?rest_route=%2Fwp%2Fv2%2Fcategories&post=207274"},{"taxonomy":"post_tag","embeddable":true,"href":"https:\/\/diarioregionaldigital.com.br\/index.php?rest_route=%2Fwp%2Fv2%2Ftags&post=207274"}],"curies":[{"name":"wp","href":"https:\/\/api.w.org\/{rel}","templated":true}]}}