{"id":207271,"date":"2022-12-01T18:44:13","date_gmt":"2022-12-01T21:44:13","guid":{"rendered":"https:\/\/diarioregionaldigital.com.br\/?p=207271"},"modified":"2022-12-01T18:44:13","modified_gmt":"2022-12-01T21:44:13","slug":"croacia-segura-pressao-avanca-as-oitavas-e-elimina-belgica-da-copa","status":"publish","type":"post","link":"https:\/\/diarioregionaldigital.com.br\/?p=207271","title":{"rendered":"Cro\u00e1cia segura press\u00e3o, avan\u00e7a \u00e0s oitavas e elimina B\u00e9lgica da Copa"},"content":{"rendered":"<p>Atual vice-campe\u00e3 mundial, a Cro\u00e1cia est\u00e1 nas oitavas de final da Copa do Mundo do Catar. Nesta\u00a0quinta-feira (1\u00ba), a sele\u00e7\u00e3o do leste europeu empatou sem gols com a B\u00e9lgica no Est\u00e1dio Ahmad bin Ali, em Al Rayyan, avan\u00e7ando com a vice-lideran\u00e7a do Grupo F.<img decoding=\"async\" src=\"https:\/\/agenciabrasil.ebc.com.br\/ebc.png?id=1496311&amp;o=node\" \/><img decoding=\"async\" src=\"https:\/\/agenciabrasil.ebc.com.br\/ebc.gif?id=1496311&amp;o=node\" \/><\/p>\n<p>Os croatas finalizaram a chave com cinco pontos, dois atr\u00e1s de Marrocos, que venceu o Canad\u00e1 por 2 a 1 no Est\u00e1dio Al Thumama, em Doha, garantindo a primeira coloca\u00e7\u00e3o. Com quatro pontos, os belgas deram adeus ao Mundial na primeira fase, o que n\u00e3o\u00a0ocorria desde 1998. Os Diabos Vermelhos tiveram ao menos tr\u00eas grandes chances na etapa final, todas com Romelu Lukaku, mas o centroavante, rec\u00e9m recuperado de uma les\u00e3o na coxa que quase o deixou fora da competi\u00e7\u00e3o, acabou desperdi\u00e7ando.<\/p>\n<div class=\"twitter-tweet twitter-tweet-rendered\"><iframe id=\"twitter-widget-0\" class=\"\" title=\"Twitter Tweet\" src=\"https:\/\/platform.twitter.com\/embed\/Tweet.html?creatorScreenName=agenciabrasil&amp;dnt=false&amp;embedId=twitter-widget-0&amp;features=eyJ0ZndfdGltZWxpbmVfbGlzdCI6eyJidWNrZXQiOlsibGlua3RyLmVlIiwidHIuZWUiLCJ0ZXJyYS5jb20uYnIiLCJ3d3cubGlua3RyLmVlIiwid3d3LnRyLmVlIiwid3d3LnRlcnJhLmNvbS5iciJdLCJ2ZXJzaW9uIjpudWxsfSwidGZ3X2hvcml6b25fdGltZWxpbmVfMTIwMzQiOnsiYnVja2V0IjoidHJlYXRtZW50IiwidmVyc2lvbiI6bnVsbH0sInRmd190d2VldF9lZGl0X2JhY2tlbmQiOnsiYnVja2V0Ijoib24iLCJ2ZXJzaW9uIjpudWxsfSwidGZ3X3JlZnNyY19zZXNzaW9uIjp7ImJ1Y2tldCI6Im9uIiwidmVyc2lvbiI6bnVsbH0sInRmd19jaGluX3BpbGxzXzE0NzQxIjp7ImJ1Y2tldCI6ImNvbG9yX2ljb25zIiwidmVyc2lvbiI6bnVsbH0sInRmd190d2VldF9yZXN1bHRfbWlncmF0aW9uXzEzOTc5Ijp7ImJ1Y2tldCI6InR3ZWV0X3Jlc3VsdCIsInZlcnNpb24iOm51bGx9LCJ0Zndfc2Vuc2l0aXZlX21lZGlhX2ludGVyc3RpdGlhbF8xMzk2MyI6eyJidWNrZXQiOiJpbnRlcnN0aXRpYWwiLCJ2ZXJzaW9uIjpudWxsfSwidGZ3X2V4cGVyaW1lbnRzX2Nvb2tpZV9leHBpcmF0aW9uIjp7ImJ1Y2tldCI6MTIwOTYwMCwidmVyc2lvbiI6bnVsbH0sInRmd19kdXBsaWNhdGVfc2NyaWJlc190b19zZXR0aW5ncyI6eyJidWNrZXQiOiJvbiIsInZlcnNpb24iOm51bGx9LCJ0ZndfdmlkZW9faGxzX2R5bmFtaWNfbWFuaWZlc3RzXzE1MDgyIjp7ImJ1Y2tldCI6InRydWVfYml0cmF0ZSIsInZlcnNpb24iOm51bGx9LCJ0Zndfc2hvd19ibHVlX3ZlcmlmaWVkX2JhZGdlIjp7ImJ1Y2tldCI6Im9uIiwidmVyc2lvbiI6bnVsbH0sInRmd190d2VldF9lZGl0X2Zyb250ZW5kIjp7ImJ1Y2tldCI6Im9uIiwidmVyc2lvbiI6bnVsbH19&amp;frame=false&amp;hideCard=false&amp;hideThread=false&amp;id=1598361047408074752&amp;lang=pt&amp;origin=https%3A%2F%2Fagenciabrasil.ebc.com.br%2Fesportes%2Fnoticia%2F2022-12%2Fcroacia-segura-pressao-avanca-oitavas-e-elimina-belgica-da-copa&amp;sessionId=8227b90119d248c6b311916d9059a81e016cb8b2&amp;siteScreenName=agenciabrasil&amp;theme=light&amp;widgetsVersion=a3525f077c700%3A1667415560940&amp;width=550px\" frameborder=\"0\" scrolling=\"no\" allowfullscreen=\"allowfullscreen\" data-tweet-id=\"1598361047408074752\" data-mce-fragment=\"1\"><\/iframe><\/div>\n<p>A Copa do Catar, encerrada precocemente, pode\u00a0ter\u00a0sido a \u00faltima de uma talentosa gera\u00e7\u00e3o belga, com jogadores vitoriosos nos respectivos clubes e que colocaram a sele\u00e7\u00e3o no topo do ranking da Fifa entre 2018 e 2021, mas que fracassou na busca por grandes t\u00edtulos. Nomes como o meia Kevin de Bruyne (31 anos), o volante Alex Witsel (33), os zagueiros Jan Vertonghen (35) e Toby Alderweireld (33), o lateral Thomas Meunier (31) e os atacantes Eden Hazard (31) e Dries Mertens (35) t\u00eam presen\u00e7a incerta (a maior parte deles, improv\u00e1vel) na edi\u00e7\u00e3o de 2026.<\/p>\n<p>Presente nas oitavas pela terceira vez em seis participa\u00e7\u00f5es em Mundiais, a Cro\u00e1cia enfrentar\u00e1 o l\u00edder do Grupo E, que tem Espanha, Alemanha, Costa Rica e Jap\u00e3o. O duelo ser\u00e1 na\u00a0segunda-feira (5), \u00e0s 12h (hor\u00e1rio de Bras\u00edlia), no no Est\u00e1dio Al Janoub, em Al Wakrah. Nas duas ocasi\u00f5es anteriores em que passou da primeira fase, os croatas chegaram, pelo menos, \u00e0s semifinais.<\/p>\n<div class=\"twitter-tweet twitter-tweet-rendered\"><iframe id=\"twitter-widget-1\" class=\"\" title=\"Twitter Tweet\" src=\"https:\/\/platform.twitter.com\/embed\/Tweet.html?creatorScreenName=agenciabrasil&amp;dnt=false&amp;embedId=twitter-widget-1&amp;features=eyJ0ZndfdGltZWxpbmVfbGlzdCI6eyJidWNrZXQiOlsibGlua3RyLmVlIiwidHIuZWUiLCJ0ZXJyYS5jb20uYnIiLCJ3d3cubGlua3RyLmVlIiwid3d3LnRyLmVlIiwid3d3LnRlcnJhLmNvbS5iciJdLCJ2ZXJzaW9uIjpudWxsfSwidGZ3X2hvcml6b25fdGltZWxpbmVfMTIwMzQiOnsiYnVja2V0IjoidHJlYXRtZW50IiwidmVyc2lvbiI6bnVsbH0sInRmd190d2VldF9lZGl0X2JhY2tlbmQiOnsiYnVja2V0Ijoib24iLCJ2ZXJzaW9uIjpudWxsfSwidGZ3X3JlZnNyY19zZXNzaW9uIjp7ImJ1Y2tldCI6Im9uIiwidmVyc2lvbiI6bnVsbH0sInRmd19jaGluX3BpbGxzXzE0NzQxIjp7ImJ1Y2tldCI6ImNvbG9yX2ljb25zIiwidmVyc2lvbiI6bnVsbH0sInRmd190d2VldF9yZXN1bHRfbWlncmF0aW9uXzEzOTc5Ijp7ImJ1Y2tldCI6InR3ZWV0X3Jlc3VsdCIsInZlcnNpb24iOm51bGx9LCJ0Zndfc2Vuc2l0aXZlX21lZGlhX2ludGVyc3RpdGlhbF8xMzk2MyI6eyJidWNrZXQiOiJpbnRlcnN0aXRpYWwiLCJ2ZXJzaW9uIjpudWxsfSwidGZ3X2V4cGVyaW1lbnRzX2Nvb2tpZV9leHBpcmF0aW9uIjp7ImJ1Y2tldCI6MTIwOTYwMCwidmVyc2lvbiI6bnVsbH0sInRmd19kdXBsaWNhdGVfc2NyaWJlc190b19zZXR0aW5ncyI6eyJidWNrZXQiOiJvbiIsInZlcnNpb24iOm51bGx9LCJ0ZndfdmlkZW9faGxzX2R5bmFtaWNfbWFuaWZlc3RzXzE1MDgyIjp7ImJ1Y2tldCI6InRydWVfYml0cmF0ZSIsInZlcnNpb24iOm51bGx9LCJ0Zndfc2hvd19ibHVlX3ZlcmlmaWVkX2JhZGdlIjp7ImJ1Y2tldCI6Im9uIiwidmVyc2lvbiI6bnVsbH0sInRmd190d2VldF9lZGl0X2Zyb250ZW5kIjp7ImJ1Y2tldCI6Im9uIiwidmVyc2lvbiI6bnVsbH19&amp;frame=false&amp;hideCard=false&amp;hideThread=false&amp;id=1598368560732024833&amp;lang=pt&amp;origin=https%3A%2F%2Fagenciabrasil.ebc.com.br%2Fesportes%2Fnoticia%2F2022-12%2Fcroacia-segura-pressao-avanca-oitavas-e-elimina-belgica-da-copa&amp;sessionId=8227b90119d248c6b311916d9059a81e016cb8b2&amp;siteScreenName=agenciabrasil&amp;theme=light&amp;widgetsVersion=a3525f077c700%3A1667415560940&amp;width=550px\" frameborder=\"0\" scrolling=\"no\" allowfullscreen=\"allowfullscreen\" data-tweet-id=\"1598368560732024833\" data-mce-fragment=\"1\"><\/iframe><\/div>\n<p>Se o t\u00e9cnico croata, Zlatko Dalic, mandou a campo a mesma escala\u00e7\u00e3o que goleou o Canad\u00e1 por 4 a 1, as m\u00e1s atua\u00e7\u00f5es contra canadenses (apesar da vit\u00f3ria por 1 a 0) e marroquinos (derrota por 2 a 0) levaram Roberto Mart\u00ednez a mexer no time belga. A forma\u00e7\u00e3o com tr\u00eas zagueiros foi resgatada, com Leander Dendoncker ao lado de Alderweireld e Vertonghen, em substitui\u00e7\u00e3o ao volante Amadou Onana, suspenso pelo n\u00famero de cart\u00f5es amarelos. No ataque,\u00a0Yannick Carrasco e Leandro Trossard assumiram os lugares dos irm\u00e3os Eden e Thorgan Hazard e Michy Batshuayi saiu para entrada de Mertens.<\/p>\n<p>As altera\u00e7\u00f5es, a princ\u00edpio, surtiram efeito e tornaram a B\u00e9lgica mais veloz para trocar passes e contra-atacar. Aos dez minutos, Mertens tabelou com Trossard na esquerda, invadiu a \u00e1rea e cruzou rasteiro para Carrasco, que perdeu o \u00e2ngulo para finalizar. Quando o fez, na pequena \u00e1rea, chutou em cima do lateral Josip Juranovic. Dois minutos depois, De Bruyne avan\u00e7ou pelo meio e tocou para Mertens, que entrou na \u00e1rea pela esquerda e bateu de primeira, mas pegou mal, mandando por cima, quase na marca do p\u00eanalti.<\/p>\n<div class=\"twitter-tweet twitter-tweet-rendered\"><iframe id=\"twitter-widget-2\" class=\"\" title=\"Twitter Tweet\" src=\"https:\/\/platform.twitter.com\/embed\/Tweet.html?creatorScreenName=agenciabrasil&amp;dnt=false&amp;embedId=twitter-widget-2&amp;features=eyJ0ZndfdGltZWxpbmVfbGlzdCI6eyJidWNrZXQiOlsibGlua3RyLmVlIiwidHIuZWUiLCJ0ZXJyYS5jb20uYnIiLCJ3d3cubGlua3RyLmVlIiwid3d3LnRyLmVlIiwid3d3LnRlcnJhLmNvbS5iciJdLCJ2ZXJzaW9uIjpudWxsfSwidGZ3X2hvcml6b25fdGltZWxpbmVfMTIwMzQiOnsiYnVja2V0IjoidHJlYXRtZW50IiwidmVyc2lvbiI6bnVsbH0sInRmd190d2VldF9lZGl0X2JhY2tlbmQiOnsiYnVja2V0Ijoib24iLCJ2ZXJzaW9uIjpudWxsfSwidGZ3X3JlZnNyY19zZXNzaW9uIjp7ImJ1Y2tldCI6Im9uIiwidmVyc2lvbiI6bnVsbH0sInRmd19jaGluX3BpbGxzXzE0NzQxIjp7ImJ1Y2tldCI6ImNvbG9yX2ljb25zIiwidmVyc2lvbiI6bnVsbH0sInRmd190d2VldF9yZXN1bHRfbWlncmF0aW9uXzEzOTc5Ijp7ImJ1Y2tldCI6InR3ZWV0X3Jlc3VsdCIsInZlcnNpb24iOm51bGx9LCJ0Zndfc2Vuc2l0aXZlX21lZGlhX2ludGVyc3RpdGlhbF8xMzk2MyI6eyJidWNrZXQiOiJpbnRlcnN0aXRpYWwiLCJ2ZXJzaW9uIjpudWxsfSwidGZ3X2V4cGVyaW1lbnRzX2Nvb2tpZV9leHBpcmF0aW9uIjp7ImJ1Y2tldCI6MTIwOTYwMCwidmVyc2lvbiI6bnVsbH0sInRmd19kdXBsaWNhdGVfc2NyaWJlc190b19zZXR0aW5ncyI6eyJidWNrZXQiOiJvbiIsInZlcnNpb24iOm51bGx9LCJ0ZndfdmlkZW9faGxzX2R5bmFtaWNfbWFuaWZlc3RzXzE1MDgyIjp7ImJ1Y2tldCI6InRydWVfYml0cmF0ZSIsInZlcnNpb24iOm51bGx9LCJ0Zndfc2hvd19ibHVlX3ZlcmlmaWVkX2JhZGdlIjp7ImJ1Y2tldCI6Im9uIiwidmVyc2lvbiI6bnVsbH0sInRmd190d2VldF9lZGl0X2Zyb250ZW5kIjp7ImJ1Y2tldCI6Im9uIiwidmVyc2lvbiI6bnVsbH19&amp;frame=false&amp;hideCard=false&amp;hideThread=false&amp;id=1598365452442472459&amp;lang=pt&amp;origin=https%3A%2F%2Fagenciabrasil.ebc.com.br%2Fesportes%2Fnoticia%2F2022-12%2Fcroacia-segura-pressao-avanca-oitavas-e-elimina-belgica-da-copa&amp;sessionId=8227b90119d248c6b311916d9059a81e016cb8b2&amp;siteScreenName=agenciabrasil&amp;theme=light&amp;widgetsVersion=a3525f077c700%3A1667415560940&amp;width=550px\" frameborder=\"0\" scrolling=\"no\" allowfullscreen=\"allowfullscreen\" data-tweet-id=\"1598365452442472459\" data-mce-fragment=\"1\"><\/iframe><\/div>\n<p>A intensidade belga, por\u00e9m, n\u00e3o demorou a esfriar e a equipe logo se viu presa na marca\u00e7\u00e3o croata. A sele\u00e7\u00e3o do leste europeu, em ritmo mais cadenciado, teve uma penalidade marcada a favor aos 14 minutos e anulada tr\u00eas minutos depois, com participa\u00e7\u00e3o do \u00e1rbitro de v\u00eddeo (VAR). Ap\u00f3s cobran\u00e7a de falta de Modric, Carrasco derrubou o atacante Andrej Kramaric na \u00e1rea. Assinalada em campo, a infra\u00e7\u00e3o foi cancelada pelo zagueiro croata Dejan Lovren estar um ombro \u00e0 frente no lance. Impedido, portanto.<\/p>\n<p>O segundo tempo iniciou com a Cro\u00e1cia tentando se impor no ataque. Aos quatro minutos, o zagueiro Josko Gvardiol encontrou Mateo Kovacic na \u00e1rea, entre Alderweireld e Meunier. O meia finalizou e obrigou Thibaut Courtois a uma grande defesa. Tr\u00eas minutos depois, Kovacic teve nova chance, agora da entrada da \u00e1rea, mas o chute no canto direito tamb\u00e9m parou em Courtois.<\/p>\n<div class=\"twitter-tweet twitter-tweet-rendered\"><iframe id=\"twitter-widget-3\" class=\"\" title=\"Twitter Tweet\" src=\"https:\/\/platform.twitter.com\/embed\/Tweet.html?creatorScreenName=agenciabrasil&amp;dnt=false&amp;embedId=twitter-widget-3&amp;features=eyJ0ZndfdGltZWxpbmVfbGlzdCI6eyJidWNrZXQiOlsibGlua3RyLmVlIiwidHIuZWUiLCJ0ZXJyYS5jb20uYnIiLCJ3d3cubGlua3RyLmVlIiwid3d3LnRyLmVlIiwid3d3LnRlcnJhLmNvbS5iciJdLCJ2ZXJzaW9uIjpudWxsfSwidGZ3X2hvcml6b25fdGltZWxpbmVfMTIwMzQiOnsiYnVja2V0IjoidHJlYXRtZW50IiwidmVyc2lvbiI6bnVsbH0sInRmd190d2VldF9lZGl0X2JhY2tlbmQiOnsiYnVja2V0Ijoib24iLCJ2ZXJzaW9uIjpudWxsfSwidGZ3X3JlZnNyY19zZXNzaW9uIjp7ImJ1Y2tldCI6Im9uIiwidmVyc2lvbiI6bnVsbH0sInRmd19jaGluX3BpbGxzXzE0NzQxIjp7ImJ1Y2tldCI6ImNvbG9yX2ljb25zIiwidmVyc2lvbiI6bnVsbH0sInRmd190d2VldF9yZXN1bHRfbWlncmF0aW9uXzEzOTc5Ijp7ImJ1Y2tldCI6InR3ZWV0X3Jlc3VsdCIsInZlcnNpb24iOm51bGx9LCJ0Zndfc2Vuc2l0aXZlX21lZGlhX2ludGVyc3RpdGlhbF8xMzk2MyI6eyJidWNrZXQiOiJpbnRlcnN0aXRpYWwiLCJ2ZXJzaW9uIjpudWxsfSwidGZ3X2V4cGVyaW1lbnRzX2Nvb2tpZV9leHBpcmF0aW9uIjp7ImJ1Y2tldCI6MTIwOTYwMCwidmVyc2lvbiI6bnVsbH0sInRmd19kdXBsaWNhdGVfc2NyaWJlc190b19zZXR0aW5ncyI6eyJidWNrZXQiOiJvbiIsInZlcnNpb24iOm51bGx9LCJ0ZndfdmlkZW9faGxzX2R5bmFtaWNfbWFuaWZlc3RzXzE1MDgyIjp7ImJ1Y2tldCI6InRydWVfYml0cmF0ZSIsInZlcnNpb24iOm51bGx9LCJ0Zndfc2hvd19ibHVlX3ZlcmlmaWVkX2JhZGdlIjp7ImJ1Y2tldCI6Im9uIiwidmVyc2lvbiI6bnVsbH0sInRmd190d2VldF9lZGl0X2Zyb250ZW5kIjp7ImJ1Y2tldCI6Im9uIiwidmVyc2lvbiI6bnVsbH19&amp;frame=false&amp;hideCard=false&amp;hideThread=false&amp;id=1598354175343022085&amp;lang=pt&amp;origin=https%3A%2F%2Fagenciabrasil.ebc.com.br%2Fesportes%2Fnoticia%2F2022-12%2Fcroacia-segura-pressao-avanca-oitavas-e-elimina-belgica-da-copa&amp;sessionId=8227b90119d248c6b311916d9059a81e016cb8b2&amp;siteScreenName=agenciabrasil&amp;theme=light&amp;widgetsVersion=a3525f077c700%3A1667415560940&amp;width=550px\" frameborder=\"0\" scrolling=\"no\" allowfullscreen=\"allowfullscreen\" data-tweet-id=\"1598354175343022085\" data-mce-fragment=\"1\"><\/iframe><\/div>\n<p>A press\u00e3o croata pareceu\u00a0ter\u00a0acordado os belgas, que assustaram duas vezes em sequ\u00eancia, ambas com Lukaku. Aos 14 minutos, o atacante, que substituiu Mertens no intervalo, pegou a sobra de um chute de Carrasco que explodiu em Juranovic. Livre na \u00e1rea e com o gol aberto, o centroavante da Inter de Mil\u00e3o (It\u00e1lia) chutou na trave esquerda. Aos 16, na pequena \u00e1rea, ele cabeceou por cima da meta, ap\u00f3s De Bruyne cruzar pela esquerda &#8211; a bola, por\u00e9m, j\u00e1 tinha sa\u00eddo pela linha de fundo e o lance seria invalidado em caso de gol.<\/p>\n<p>A B\u00e9lgica foi para o abafa, mas a noite catari, definitivamente, n\u00e3o era dos Diabos Vermelhos e, principalmente, de Lukaku. Aos 41 minutos, o atacante desviou, na pequena \u00e1rea, um chute de Meunier pela direita, que saiu rente \u00e0 trave esquerda. Aos 45, o camisa 9 teve a chance ap\u00f3s cruzamento pela esquerda de Thorgan Hazard, que o goleiro Dominik Livakovic deixou passar. O centroavante matou de peito, quase debaixo do travess\u00e3o, mas perdeu o controle da bola, recuperada pelo arqueiro. O adeus belga j\u00e1 era uma realidade.<\/p>\n<p><span style=\"font-weight: 400;\"><br \/>\n<\/span><span style=\"font-weight: 400;\">Fonte: Ag\u00eancia Brasil <\/span><\/p>\n","protected":false},"excerpt":{"rendered":"<p>Atual vice-campe\u00e3 mundial, a Cro\u00e1cia est\u00e1 nas oitavas de final da Copa do Mundo do Catar. Nesta\u00a0quinta-feira (1\u00ba), a sele\u00e7\u00e3o do leste europeu empatou sem gols com a B\u00e9lgica no Est\u00e1dio Ahmad bin Ali, em Al Rayyan, avan\u00e7ando com a vice-lideran\u00e7a do Grupo F. Os croatas finalizaram a chave com cinco pontos, dois atr\u00e1s de [&hellip;]<\/p>\n","protected":false},"author":246,"featured_media":207272,"comment_status":"closed","ping_status":"closed","sticky":false,"template":"","format":"standard","meta":{"footnotes":""},"categories":[436,257,439],"tags":[],"class_list":["post-207271","post","type-post","status-publish","format-standard","has-post-thumbnail","hentry","category-destaque-da-semana","category-esporte","category-ultima-hora"],"_links":{"self":[{"href":"https:\/\/diarioregionaldigital.com.br\/index.php?rest_route=\/wp\/v2\/posts\/207271","targetHints":{"allow":["GET"]}}],"collection":[{"href":"https:\/\/diarioregionaldigital.com.br\/index.php?rest_route=\/wp\/v2\/posts"}],"about":[{"href":"https:\/\/diarioregionaldigital.com.br\/index.php?rest_route=\/wp\/v2\/types\/post"}],"author":[{"embeddable":true,"href":"https:\/\/diarioregionaldigital.com.br\/index.php?rest_route=\/wp\/v2\/users\/246"}],"replies":[{"embeddable":true,"href":"https:\/\/diarioregionaldigital.com.br\/index.php?rest_route=%2Fwp%2Fv2%2Fcomments&post=207271"}],"version-history":[{"count":1,"href":"https:\/\/diarioregionaldigital.com.br\/index.php?rest_route=\/wp\/v2\/posts\/207271\/revisions"}],"predecessor-version":[{"id":207273,"href":"https:\/\/diarioregionaldigital.com.br\/index.php?rest_route=\/wp\/v2\/posts\/207271\/revisions\/207273"}],"wp:featuredmedia":[{"embeddable":true,"href":"https:\/\/diarioregionaldigital.com.br\/index.php?rest_route=\/wp\/v2\/media\/207272"}],"wp:attachment":[{"href":"https:\/\/diarioregionaldigital.com.br\/index.php?rest_route=%2Fwp%2Fv2%2Fmedia&parent=207271"}],"wp:term":[{"taxonomy":"category","embeddable":true,"href":"https:\/\/diarioregionaldigital.com.br\/index.php?rest_route=%2Fwp%2Fv2%2Fcategories&post=207271"},{"taxonomy":"post_tag","embeddable":true,"href":"https:\/\/diarioregionaldigital.com.br\/index.php?rest_route=%2Fwp%2Fv2%2Ftags&post=207271"}],"curies":[{"name":"wp","href":"https:\/\/api.w.org\/{rel}","templated":true}]}}