{"id":207268,"date":"2022-12-01T18:41:42","date_gmt":"2022-12-01T21:41:42","guid":{"rendered":"https:\/\/diarioregionaldigital.com.br\/?p=207268"},"modified":"2022-12-01T18:41:42","modified_gmt":"2022-12-01T21:41:42","slug":"marrocos-vence-canada-e-volta-as-oitavas-da-copa-apos-36-anos","status":"publish","type":"post","link":"https:\/\/diarioregionaldigital.com.br\/?p=207268","title":{"rendered":"Marrocos vence Canad\u00e1 e volta \u00e0s oitavas da Copa ap\u00f3s 36 anos"},"content":{"rendered":"<p>O torcedor marroquino teve de esperar 36 anos para ver a sele\u00e7\u00e3o do pa\u00eds, enfim, ir al\u00e9m da primeira fase em uma Copa do Mundo. Nesta\u00a0quinta-feira (1\u00ba), os Le\u00f5es do Atlas derrotaram o Canad\u00e1 por 2 a 1, no Est\u00e1dio Al Thumama, em Doha, garantindo vaga \u00e0s oitavas de final do Mundial do Catar.<img decoding=\"async\" src=\"https:\/\/agenciabrasil.ebc.com.br\/ebc.png?id=1496320&amp;o=node\" \/><img decoding=\"async\" src=\"https:\/\/agenciabrasil.ebc.com.br\/ebc.gif?id=1496320&amp;o=node\" \/><\/p>\n<div class=\"twitter-tweet twitter-tweet-rendered\"><iframe id=\"twitter-widget-0\" class=\"\" title=\"Twitter Tweet\" src=\"https:\/\/platform.twitter.com\/embed\/Tweet.html?creatorScreenName=agenciabrasil&amp;dnt=false&amp;embedId=twitter-widget-0&amp;features=eyJ0ZndfdGltZWxpbmVfbGlzdCI6eyJidWNrZXQiOlsibGlua3RyLmVlIiwidHIuZWUiLCJ0ZXJyYS5jb20uYnIiLCJ3d3cubGlua3RyLmVlIiwid3d3LnRyLmVlIiwid3d3LnRlcnJhLmNvbS5iciJdLCJ2ZXJzaW9uIjpudWxsfSwidGZ3X2hvcml6b25fdGltZWxpbmVfMTIwMzQiOnsiYnVja2V0IjoidHJlYXRtZW50IiwidmVyc2lvbiI6bnVsbH0sInRmd190d2VldF9lZGl0X2JhY2tlbmQiOnsiYnVja2V0Ijoib24iLCJ2ZXJzaW9uIjpudWxsfSwidGZ3X3JlZnNyY19zZXNzaW9uIjp7ImJ1Y2tldCI6Im9uIiwidmVyc2lvbiI6bnVsbH0sInRmd19jaGluX3BpbGxzXzE0NzQxIjp7ImJ1Y2tldCI6ImNvbG9yX2ljb25zIiwidmVyc2lvbiI6bnVsbH0sInRmd190d2VldF9yZXN1bHRfbWlncmF0aW9uXzEzOTc5Ijp7ImJ1Y2tldCI6InR3ZWV0X3Jlc3VsdCIsInZlcnNpb24iOm51bGx9LCJ0Zndfc2Vuc2l0aXZlX21lZGlhX2ludGVyc3RpdGlhbF8xMzk2MyI6eyJidWNrZXQiOiJpbnRlcnN0aXRpYWwiLCJ2ZXJzaW9uIjpudWxsfSwidGZ3X2V4cGVyaW1lbnRzX2Nvb2tpZV9leHBpcmF0aW9uIjp7ImJ1Y2tldCI6MTIwOTYwMCwidmVyc2lvbiI6bnVsbH0sInRmd19kdXBsaWNhdGVfc2NyaWJlc190b19zZXR0aW5ncyI6eyJidWNrZXQiOiJvbiIsInZlcnNpb24iOm51bGx9LCJ0ZndfdmlkZW9faGxzX2R5bmFtaWNfbWFuaWZlc3RzXzE1MDgyIjp7ImJ1Y2tldCI6InRydWVfYml0cmF0ZSIsInZlcnNpb24iOm51bGx9LCJ0Zndfc2hvd19ibHVlX3ZlcmlmaWVkX2JhZGdlIjp7ImJ1Y2tldCI6Im9uIiwidmVyc2lvbiI6bnVsbH0sInRmd190d2VldF9lZGl0X2Zyb250ZW5kIjp7ImJ1Y2tldCI6Im9uIiwidmVyc2lvbiI6bnVsbH19&amp;frame=false&amp;hideCard=false&amp;hideThread=false&amp;id=1598360278718189572&amp;lang=pt&amp;origin=https%3A%2F%2Fagenciabrasil.ebc.com.br%2Fesportes%2Fnoticia%2F2022-12%2Fmarrocos-vence-canada-e-volta-oitavas-da-copa-apos-36-anos&amp;sessionId=76a871245b193ac79ac12d0e2e62430ba3b1aced&amp;siteScreenName=agenciabrasil&amp;theme=light&amp;widgetsVersion=a3525f077c700%3A1667415560940&amp;width=550px\" frameborder=\"0\" scrolling=\"no\" allowfullscreen=\"allowfullscreen\" data-tweet-id=\"1598360278718189572\" data-mce-fragment=\"1\"><\/iframe><\/div>\n<p>Com a vit\u00f3ria, Marrocos encerrou o Grupo F na lideran\u00e7a, com sete pontos, dois a frente da Cro\u00e1cia, atual vice-campe\u00e3, que empatou sem gols com a B\u00e9lgica no Est\u00e1dio Ahmad bin Ali, em Al Rayyan. Os canadenses se despedem zerados, na lanterna do grupo. O pa\u00eds da Am\u00e9rica do Norte ser\u00e1 uma das sedes da pr\u00f3xima edi\u00e7\u00e3o, em 2026, ao lado de Estados Unidos e M\u00e9xico.<\/p>\n<p>Nas oitavas, mesmo est\u00e1gio em que se despediu da Copa em 1986, Marrocos\u00a0ter\u00e1 pela frente o segundo colocado do Grupo E, que r\u00e9une Espanha, Alemanha, Costa Rica e Jap\u00e3o. A partida ser\u00e1 na\u00a0ter\u00e7a-feira (6), \u00e0s 12h (hor\u00e1rio de Bras\u00edlia), no Est\u00e1dio Cidade da Educa\u00e7\u00e3o, em Doha.<\/p>\n<p>O t\u00e9cnico marroquino, Walid Regragui, promoveu apenas uma mudan\u00e7a no 4-3-3 que derrotou a B\u00e9lgica por 2 a 0, com a entrada de Abdelhamid Sabiri, que cobrou a falta que originou o primeiro gol do jogo, no lugar do tamb\u00e9m meia Selim Amallah. O goleiro Yassine Bounou, que perdeu o \u00faltimo duelo ao se sentir mal instantes antes da bola rolar, retornou \u00e0 meta, com Munir El-Kajoui de volta ao banco.<\/p>\n<div class=\"twitter-tweet twitter-tweet-rendered\"><iframe id=\"twitter-widget-1\" class=\"\" title=\"Twitter Tweet\" src=\"https:\/\/platform.twitter.com\/embed\/Tweet.html?creatorScreenName=agenciabrasil&amp;dnt=false&amp;embedId=twitter-widget-1&amp;features=eyJ0ZndfdGltZWxpbmVfbGlzdCI6eyJidWNrZXQiOlsibGlua3RyLmVlIiwidHIuZWUiLCJ0ZXJyYS5jb20uYnIiLCJ3d3cubGlua3RyLmVlIiwid3d3LnRyLmVlIiwid3d3LnRlcnJhLmNvbS5iciJdLCJ2ZXJzaW9uIjpudWxsfSwidGZ3X2hvcml6b25fdGltZWxpbmVfMTIwMzQiOnsiYnVja2V0IjoidHJlYXRtZW50IiwidmVyc2lvbiI6bnVsbH0sInRmd190d2VldF9lZGl0X2JhY2tlbmQiOnsiYnVja2V0Ijoib24iLCJ2ZXJzaW9uIjpudWxsfSwidGZ3X3JlZnNyY19zZXNzaW9uIjp7ImJ1Y2tldCI6Im9uIiwidmVyc2lvbiI6bnVsbH0sInRmd19jaGluX3BpbGxzXzE0NzQxIjp7ImJ1Y2tldCI6ImNvbG9yX2ljb25zIiwidmVyc2lvbiI6bnVsbH0sInRmd190d2VldF9yZXN1bHRfbWlncmF0aW9uXzEzOTc5Ijp7ImJ1Y2tldCI6InR3ZWV0X3Jlc3VsdCIsInZlcnNpb24iOm51bGx9LCJ0Zndfc2Vuc2l0aXZlX21lZGlhX2ludGVyc3RpdGlhbF8xMzk2MyI6eyJidWNrZXQiOiJpbnRlcnN0aXRpYWwiLCJ2ZXJzaW9uIjpudWxsfSwidGZ3X2V4cGVyaW1lbnRzX2Nvb2tpZV9leHBpcmF0aW9uIjp7ImJ1Y2tldCI6MTIwOTYwMCwidmVyc2lvbiI6bnVsbH0sInRmd19kdXBsaWNhdGVfc2NyaWJlc190b19zZXR0aW5ncyI6eyJidWNrZXQiOiJvbiIsInZlcnNpb24iOm51bGx9LCJ0ZndfdmlkZW9faGxzX2R5bmFtaWNfbWFuaWZlc3RzXzE1MDgyIjp7ImJ1Y2tldCI6InRydWVfYml0cmF0ZSIsInZlcnNpb24iOm51bGx9LCJ0Zndfc2hvd19ibHVlX3ZlcmlmaWVkX2JhZGdlIjp7ImJ1Y2tldCI6Im9uIiwidmVyc2lvbiI6bnVsbH0sInRmd190d2VldF9lZGl0X2Zyb250ZW5kIjp7ImJ1Y2tldCI6Im9uIiwidmVyc2lvbiI6bnVsbH19&amp;frame=false&amp;hideCard=false&amp;hideThread=false&amp;id=1598362207078780939&amp;lang=pt&amp;origin=https%3A%2F%2Fagenciabrasil.ebc.com.br%2Fesportes%2Fnoticia%2F2022-12%2Fmarrocos-vence-canada-e-volta-oitavas-da-copa-apos-36-anos&amp;sessionId=76a871245b193ac79ac12d0e2e62430ba3b1aced&amp;siteScreenName=agenciabrasil&amp;theme=light&amp;widgetsVersion=a3525f077c700%3A1667415560940&amp;width=550px\" frameborder=\"0\" scrolling=\"no\" allowfullscreen=\"allowfullscreen\" data-tweet-id=\"1598362207078780939\" data-mce-fragment=\"1\"><\/iframe><\/div>\n<p>No Canad\u00e1, John Herdman fez quatro altera\u00e7\u00f5es na equipe que sofreu 4 a 1 da Cro\u00e1cia, passando do 4-4-2 para um 3-4-3. O lateral-esquerdo Sam Adekugbe entrou no lugar de Richie Laryea, enquanto o direito, Alistair Johnston, formou a trinca de zaga com Kamal Miller e Steven Vit\u00f3ria. No meio, Junior Hoilett (titular no rev\u00e9s por 1 a 0 para a B\u00e9lgica), Mark-Antony Kaye e Jonathan Osorio foram escolhidos para as vagas de Atiba Hutchinson, Stephen Eust\u00e1quio e do atacante Jonathan David.<\/p>\n<p>Os Le\u00f5es do Atlas repetiram a postura dos jogos anteriores, marcando press\u00e3o no campo de ataque. Foi assim que, logo aos tr\u00eas minutos, Hakim Ziyech abriu o placar. Ap\u00f3s recuo perigoso de Johnston, o goleiro Milan Borjan afastou mal a bola, nos p\u00e9s do atacante marroquino, que bateu por cobertura, de primeira, marcando um gola\u00e7o.<\/p>\n<p>Ap\u00f3s cerca de 15 minutos sofrendo com a intensidade de Marrocos, o Canad\u00e1 parecia\u00a0ter\u00a0encaixado a marca\u00e7\u00e3o e diminu\u00eddo os espa\u00e7os do time africano. Aos 22, por\u00e9m, o lateral Achraf Hakimi encontrou uma brecha entre Miller e Vit\u00f3ria e lan\u00e7ou En-Nesyri. O atacante superou os zagueiros na velocidade e chutou no canto esquerdo de Borjan, aumentando a vantagem.<\/p>\n<div class=\"twitter-tweet twitter-tweet-rendered\"><iframe id=\"twitter-widget-2\" class=\"\" title=\"Twitter Tweet\" src=\"https:\/\/platform.twitter.com\/embed\/Tweet.html?creatorScreenName=agenciabrasil&amp;dnt=false&amp;embedId=twitter-widget-2&amp;features=eyJ0ZndfdGltZWxpbmVfbGlzdCI6eyJidWNrZXQiOlsibGlua3RyLmVlIiwidHIuZWUiLCJ0ZXJyYS5jb20uYnIiLCJ3d3cubGlua3RyLmVlIiwid3d3LnRyLmVlIiwid3d3LnRlcnJhLmNvbS5iciJdLCJ2ZXJzaW9uIjpudWxsfSwidGZ3X2hvcml6b25fdGltZWxpbmVfMTIwMzQiOnsiYnVja2V0IjoidHJlYXRtZW50IiwidmVyc2lvbiI6bnVsbH0sInRmd190d2VldF9lZGl0X2JhY2tlbmQiOnsiYnVja2V0Ijoib24iLCJ2ZXJzaW9uIjpudWxsfSwidGZ3X3JlZnNyY19zZXNzaW9uIjp7ImJ1Y2tldCI6Im9uIiwidmVyc2lvbiI6bnVsbH0sInRmd19jaGluX3BpbGxzXzE0NzQxIjp7ImJ1Y2tldCI6ImNvbG9yX2ljb25zIiwidmVyc2lvbiI6bnVsbH0sInRmd190d2VldF9yZXN1bHRfbWlncmF0aW9uXzEzOTc5Ijp7ImJ1Y2tldCI6InR3ZWV0X3Jlc3VsdCIsInZlcnNpb24iOm51bGx9LCJ0Zndfc2Vuc2l0aXZlX21lZGlhX2ludGVyc3RpdGlhbF8xMzk2MyI6eyJidWNrZXQiOiJpbnRlcnN0aXRpYWwiLCJ2ZXJzaW9uIjpudWxsfSwidGZ3X2V4cGVyaW1lbnRzX2Nvb2tpZV9leHBpcmF0aW9uIjp7ImJ1Y2tldCI6MTIwOTYwMCwidmVyc2lvbiI6bnVsbH0sInRmd19kdXBsaWNhdGVfc2NyaWJlc190b19zZXR0aW5ncyI6eyJidWNrZXQiOiJvbiIsInZlcnNpb24iOm51bGx9LCJ0ZndfdmlkZW9faGxzX2R5bmFtaWNfbWFuaWZlc3RzXzE1MDgyIjp7ImJ1Y2tldCI6InRydWVfYml0cmF0ZSIsInZlcnNpb24iOm51bGx9LCJ0Zndfc2hvd19ibHVlX3ZlcmlmaWVkX2JhZGdlIjp7ImJ1Y2tldCI6Im9uIiwidmVyc2lvbiI6bnVsbH0sInRmd190d2VldF9lZGl0X2Zyb250ZW5kIjp7ImJ1Y2tldCI6Im9uIiwidmVyc2lvbiI6bnVsbH19&amp;frame=false&amp;hideCard=false&amp;hideThread=false&amp;id=1598340634896904192&amp;lang=pt&amp;origin=https%3A%2F%2Fagenciabrasil.ebc.com.br%2Fesportes%2Fnoticia%2F2022-12%2Fmarrocos-vence-canada-e-volta-oitavas-da-copa-apos-36-anos&amp;sessionId=76a871245b193ac79ac12d0e2e62430ba3b1aced&amp;siteScreenName=agenciabrasil&amp;theme=light&amp;widgetsVersion=a3525f077c700%3A1667415560940&amp;width=550px\" frameborder=\"0\" scrolling=\"no\" allowfullscreen=\"allowfullscreen\" data-tweet-id=\"1598340634896904192\" data-mce-fragment=\"1\"><\/iframe><\/div>\n<p>Mesmo diminuindo o ritmo, a equipe marroquina era pouco amea\u00e7ada pela canadense. N\u00e3o \u00e0 toa, foi s\u00f3 gra\u00e7as a um gol contra que os norte-americanos descontaram. Aos 40 minutos, Adekugbe driblou Hakimi pela esquerda e cruzou rasteiro. O zagueiro Nayef Aguerd se esticou para cortar, mas desviou a bola nas pr\u00f3prias redes. O\u00a0pr\u00f3prio Aguerd, impedido, ainda levou o \u00e1rbitro brasileiro Raphael Claus a invalidar o que seria o terceiro de Marrocos, dos p\u00e9s de En-Nesyri, j\u00e1 nos acr\u00e9scimos.<\/p>\n<p>O Canad\u00e1 voltou melhor para o segundo tempo, ficando mais com a bola e rondando a \u00e1rea de Marrocos. O recuo excessivo dos Le\u00f5es do Atlas quase resultou em gol canadense aos 25 minutos. Ap\u00f3s cobran\u00e7a de escanteio pela direita, Hutchinson (que entrou depois do intervalo, no lugar de Kay\u00e9) cabeceou no travess\u00e3o. A bola quicou na linha e, na sobra, Johnston mandou por cima.<\/p>\n<p>A sele\u00e7\u00e3o norte-americana pressionou atr\u00e1s do empate, que renderia o primeiro ponto do pa\u00eds em uma Copa. Aos 41 minutos, Bounou quase deu uma ajudinha, ao tentar dominar a bola de peito e a deixar escapar, dentro da \u00e1rea. O atacante Alphonso Davies quase aproveitou, mas o goleiro marroquino se recuperou. Nos minutos finais, os canadenses empilharam cruzamentos e at\u00e9 Borjan foi para frente auxiliar o ataque, em cobran\u00e7as de escanteio. O time africano, por\u00e9m, conteve a press\u00e3o e celebrou a vit\u00f3ria hist\u00f3rica.<\/p>\n<p><span style=\"font-weight: 400;\">Fonte: Ag\u00eancia Brasil <\/span><\/p>\n","protected":false},"excerpt":{"rendered":"<p>O torcedor marroquino teve de esperar 36 anos para ver a sele\u00e7\u00e3o do pa\u00eds, enfim, ir al\u00e9m da primeira fase em uma Copa do Mundo. Nesta\u00a0quinta-feira (1\u00ba), os Le\u00f5es do Atlas derrotaram o Canad\u00e1 por 2 a 1, no Est\u00e1dio Al Thumama, em Doha, garantindo vaga \u00e0s oitavas de final do Mundial do Catar. Com [&hellip;]<\/p>\n","protected":false},"author":246,"featured_media":207269,"comment_status":"closed","ping_status":"closed","sticky":false,"template":"","format":"standard","meta":{"footnotes":""},"categories":[436,257,439],"tags":[],"class_list":["post-207268","post","type-post","status-publish","format-standard","has-post-thumbnail","hentry","category-destaque-da-semana","category-esporte","category-ultima-hora"],"_links":{"self":[{"href":"https:\/\/diarioregionaldigital.com.br\/index.php?rest_route=\/wp\/v2\/posts\/207268","targetHints":{"allow":["GET"]}}],"collection":[{"href":"https:\/\/diarioregionaldigital.com.br\/index.php?rest_route=\/wp\/v2\/posts"}],"about":[{"href":"https:\/\/diarioregionaldigital.com.br\/index.php?rest_route=\/wp\/v2\/types\/post"}],"author":[{"embeddable":true,"href":"https:\/\/diarioregionaldigital.com.br\/index.php?rest_route=\/wp\/v2\/users\/246"}],"replies":[{"embeddable":true,"href":"https:\/\/diarioregionaldigital.com.br\/index.php?rest_route=%2Fwp%2Fv2%2Fcomments&post=207268"}],"version-history":[{"count":1,"href":"https:\/\/diarioregionaldigital.com.br\/index.php?rest_route=\/wp\/v2\/posts\/207268\/revisions"}],"predecessor-version":[{"id":207270,"href":"https:\/\/diarioregionaldigital.com.br\/index.php?rest_route=\/wp\/v2\/posts\/207268\/revisions\/207270"}],"wp:featuredmedia":[{"embeddable":true,"href":"https:\/\/diarioregionaldigital.com.br\/index.php?rest_route=\/wp\/v2\/media\/207269"}],"wp:attachment":[{"href":"https:\/\/diarioregionaldigital.com.br\/index.php?rest_route=%2Fwp%2Fv2%2Fmedia&parent=207268"}],"wp:term":[{"taxonomy":"category","embeddable":true,"href":"https:\/\/diarioregionaldigital.com.br\/index.php?rest_route=%2Fwp%2Fv2%2Fcategories&post=207268"},{"taxonomy":"post_tag","embeddable":true,"href":"https:\/\/diarioregionaldigital.com.br\/index.php?rest_route=%2Fwp%2Fv2%2Ftags&post=207268"}],"curies":[{"name":"wp","href":"https:\/\/api.w.org\/{rel}","templated":true}]}}