{"id":207257,"date":"2022-12-01T18:28:42","date_gmt":"2022-12-01T21:28:42","guid":{"rendered":"https:\/\/diarioregionaldigital.com.br\/?p=207257"},"modified":"2022-12-01T18:28:42","modified_gmt":"2022-12-01T21:28:42","slug":"camara-aprova-pl-sobre-deducoes-do-ir-para-doacao-a-programas-de-saude","status":"publish","type":"post","link":"https:\/\/diarioregionaldigital.com.br\/?p=207257","title":{"rendered":"C\u00e2mara aprova PL sobre dedu\u00e7\u00f5es do IR para doa\u00e7\u00e3o a programas de sa\u00fade"},"content":{"rendered":"<p>A C\u00e2mara dos Deputados aprovou nesta quinta-feira (1\u00ba) projeto de lei (PL) que prorroga a possibilidade de deduzir do Imposto de Renda (IR) as doa\u00e7\u00f5es feitas a dois programas de assist\u00eancia a pacientes com c\u00e2ncer e pessoas com defici\u00eancia. O texto segue para san\u00e7\u00e3o presidencial.<img decoding=\"async\" src=\"https:\/\/agenciabrasil.ebc.com.br\/ebc.png?id=1496330&amp;o=node\" \/><img decoding=\"async\" src=\"https:\/\/agenciabrasil.ebc.com.br\/ebc.gif?id=1496330&amp;o=node\" \/><\/p>\n<p>Conforme a proposta aprovada, as pessoas f\u00edsicas poder\u00e3o deduzir do IR as doa\u00e7\u00f5es e os patroc\u00ednios efetuados at\u00e9 o ano-calend\u00e1rio de 2025. No caso das pessoas jur\u00eddicas, a dedu\u00e7\u00e3o poder\u00e1 ser feita at\u00e9 o ano-calend\u00e1rio de 2026. O limite de doa\u00e7\u00e3o para todos os contribuintes \u00e9 de 1% do IR devido.<\/p>\n<p>Os recursos ser\u00e3o destinados ao Programa Nacional de Apoio \u00e0 Aten\u00e7\u00e3o Oncol\u00f3gica (Pronon) e ao Programa Nacional de Apoio \u00e0 Aten\u00e7\u00e3o da Sa\u00fade da Pessoa com Defici\u00eancia (Pronas\/PCD).<\/p>\n<p>Os dois programas receberam recursos de pessoas f\u00edsicas at\u00e9 2020 e, de pessoas jur\u00eddicas, at\u00e9 2021. O Pronon e o Pronas\/PCD foram desenvolvidos para incentivar a\u00e7\u00f5es e servi\u00e7os desenvolvidos por entidades, associa\u00e7\u00f5es e funda\u00e7\u00f5es privadas sem fins lucrativos, que atuam no campo da oncologia e da pessoa com defici\u00eancia.<\/p>\n<p>A medida busca ampliar a oferta de servi\u00e7os e expandir a presta\u00e7\u00e3o de servi\u00e7os m\u00e9dico-assistenciais, apoiar o treinamento de recursos humanos e realizar pesquisas cl\u00ednicas e epidemiol\u00f3gicas.<\/p>\n<p><span style=\"font-weight: 400;\"><br \/>\n<\/span><span style=\"font-weight: 400;\">Fonte: Ag\u00eancia C\u00e2mara<\/span><\/p>\n","protected":false},"excerpt":{"rendered":"<p>A C\u00e2mara dos Deputados aprovou nesta quinta-feira (1\u00ba) projeto de lei (PL) que prorroga a possibilidade de deduzir do Imposto de Renda (IR) as doa\u00e7\u00f5es feitas a dois programas de assist\u00eancia a pacientes com c\u00e2ncer e pessoas com defici\u00eancia. O texto segue para san\u00e7\u00e3o presidencial. Conforme a proposta aprovada, as pessoas f\u00edsicas poder\u00e3o deduzir do [&hellip;]<\/p>\n","protected":false},"author":246,"featured_media":207259,"comment_status":"closed","ping_status":"closed","sticky":false,"template":"","format":"standard","meta":{"footnotes":""},"categories":[436,254,439],"tags":[],"class_list":["post-207257","post","type-post","status-publish","format-standard","has-post-thumbnail","hentry","category-destaque-da-semana","category-politica","category-ultima-hora"],"_links":{"self":[{"href":"https:\/\/diarioregionaldigital.com.br\/index.php?rest_route=\/wp\/v2\/posts\/207257","targetHints":{"allow":["GET"]}}],"collection":[{"href":"https:\/\/diarioregionaldigital.com.br\/index.php?rest_route=\/wp\/v2\/posts"}],"about":[{"href":"https:\/\/diarioregionaldigital.com.br\/index.php?rest_route=\/wp\/v2\/types\/post"}],"author":[{"embeddable":true,"href":"https:\/\/diarioregionaldigital.com.br\/index.php?rest_route=\/wp\/v2\/users\/246"}],"replies":[{"embeddable":true,"href":"https:\/\/diarioregionaldigital.com.br\/index.php?rest_route=%2Fwp%2Fv2%2Fcomments&post=207257"}],"version-history":[{"count":1,"href":"https:\/\/diarioregionaldigital.com.br\/index.php?rest_route=\/wp\/v2\/posts\/207257\/revisions"}],"predecessor-version":[{"id":207260,"href":"https:\/\/diarioregionaldigital.com.br\/index.php?rest_route=\/wp\/v2\/posts\/207257\/revisions\/207260"}],"wp:featuredmedia":[{"embeddable":true,"href":"https:\/\/diarioregionaldigital.com.br\/index.php?rest_route=\/wp\/v2\/media\/207259"}],"wp:attachment":[{"href":"https:\/\/diarioregionaldigital.com.br\/index.php?rest_route=%2Fwp%2Fv2%2Fmedia&parent=207257"}],"wp:term":[{"taxonomy":"category","embeddable":true,"href":"https:\/\/diarioregionaldigital.com.br\/index.php?rest_route=%2Fwp%2Fv2%2Fcategories&post=207257"},{"taxonomy":"post_tag","embeddable":true,"href":"https:\/\/diarioregionaldigital.com.br\/index.php?rest_route=%2Fwp%2Fv2%2Ftags&post=207257"}],"curies":[{"name":"wp","href":"https:\/\/api.w.org\/{rel}","templated":true}]}}