{"id":207251,"date":"2022-12-01T18:24:39","date_gmt":"2022-12-01T21:24:39","guid":{"rendered":"https:\/\/diarioregionaldigital.com.br\/?p=207251"},"modified":"2022-12-01T18:24:39","modified_gmt":"2022-12-01T21:24:39","slug":"supremo-aprova-revisao-de-toda-vida-de-aposentadorias","status":"publish","type":"post","link":"https:\/\/diarioregionaldigital.com.br\/?p=207251","title":{"rendered":"Supremo aprova revis\u00e3o de toda vida de aposentadorias"},"content":{"rendered":"<p>Por 6 votos a 5, o Supremo Tribunal Federal (STF) decidiu\u00a0hoje\u00a0(1\u00b0) reconhecer a chamada revis\u00e3o de toda vida de aposentadorias pagas pelo Instituto Nacional do Seguro Social (INSS).<img decoding=\"async\" src=\"https:\/\/agenciabrasil.ebc.com.br\/ebc.png?id=1496339&amp;o=node\" \/><img decoding=\"async\" src=\"https:\/\/agenciabrasil.ebc.com.br\/ebc.gif?id=1496339&amp;o=node\" \/><\/p>\n<p>A decis\u00e3o atinge aposentados que entraram na Justi\u00e7a para pedir o rec\u00e1lculo do benef\u00edcio com base em todas as contribui\u00e7\u00f5es feitas ao longo da vida.<\/p>\n<p>Segundo entidades que atuam na \u00e1rea de direito previdenci\u00e1rio,\u00a0a\u00a0decis\u00e3o\u00a0atinge quem passou a receber o benef\u00edcio\u00a0entre novembro de 1999 e\u00a012 de novembro\u00a0de 2019 e possui contribui\u00e7\u00f5es anteriores a julho de 1994.<\/p>\n<p>Na decis\u00e3o, o STF reconheceu que o benefici\u00e1rio pode optar pelo crit\u00e9rio de c\u00e1lculo que renda o maior valor mensal, cabendo ao aposentado avaliar se o c\u00e1lculo de toda vida pode aumentar ou n\u00e3o o benef\u00edcio.<\/p>\n<p>Segundo o entendimento, a regra de transi\u00e7\u00e3o que exclu\u00eda as contribui\u00e7\u00f5es antecedentes a julho de 1994, quando o Plano Real foi implementado, pode ser afastada caso seja desvantajosa ao segurado.<\/p>\n<h2>Entenda<\/h2>\n<p>O processo julgado pelo STF trata de um recurso do Instituto Nacional do Seguro Social (INSS) contra decis\u00e3o do Superior Tribunal de Justi\u00e7a (STJ) que garantiu a um segurado do Regime Geral de Previd\u00eancia Social (RGPS) a possibilidade de revis\u00e3o do benef\u00edcio com base nas contribui\u00e7\u00f5es\u00a0sobre o per\u00edodo anterior ao ano de 1994.<\/p>\n<p>Durante a tramita\u00e7\u00e3o do processo, associa\u00e7\u00f5es que defendem os aposentados pediram que as contribui\u00e7\u00f5es previdenci\u00e1rias realizadas antes\u00a0de julho\u00a0de 1994 sejam consideradas no c\u00e1lculo dos benef\u00edcios. Essas contribui\u00e7\u00f5es pararam de ser consideradas em decorr\u00eancia da Reforma da Previd\u00eancia de 1999, cujas regras de transi\u00e7\u00e3o exclu\u00edam da conta os pagamentos antes do Plano Real.<\/p>\n<p>Segundo as entidades,\u00a0segurados do INSS\u00a0tiveram redu\u00e7\u00e3o do benef\u00edcio\u00a0em fun\u00e7\u00e3o da desconsidera\u00e7\u00e3o dessas contribui\u00e7\u00f5es.<\/p>\n<p>Respons\u00e1vel pela gest\u00e3o do \u00f3rg\u00e3o, o governo federal sustentou no STF que a mudan\u00e7a agrava a situa\u00e7\u00e3o fiscal do pa\u00eds, com impactos previstos de at\u00e9 R$ 46 bilh\u00f5es aos cofres p\u00fablicos pelos pr\u00f3ximos 10 a 15 anos.<\/p>\n<p>Em fevereiro deste ano, o plen\u00e1rio virtual do STF j\u00e1 tinha formado maioria de 6 votos a 5 a favor da revis\u00e3o da vida toda. Em seguida, um pedido de destaque do ministro Nunes Marques suspendeu o julgamento virtual e a quest\u00e3o foi remetida ao plen\u00e1rio f\u00edsico para julgamento nesta\u00a0quinta-feira.<\/p>\n<p><span style=\"font-weight: 400;\">Fonte: Ag\u00eancia Brasil <\/span><\/p>\n","protected":false},"excerpt":{"rendered":"<p>Por 6 votos a 5, o Supremo Tribunal Federal (STF) decidiu\u00a0hoje\u00a0(1\u00b0) reconhecer a chamada revis\u00e3o de toda vida de aposentadorias pagas pelo Instituto Nacional do Seguro Social (INSS). A decis\u00e3o atinge aposentados que entraram na Justi\u00e7a para pedir o rec\u00e1lculo do benef\u00edcio com base em todas as contribui\u00e7\u00f5es feitas ao longo da vida. Segundo entidades [&hellip;]<\/p>\n","protected":false},"author":246,"featured_media":207252,"comment_status":"closed","ping_status":"closed","sticky":false,"template":"","format":"standard","meta":{"footnotes":""},"categories":[436,440,254,439],"tags":[],"class_list":["post-207251","post","type-post","status-publish","format-standard","has-post-thumbnail","hentry","category-destaque-da-semana","category-destaques-do-dia","category-politica","category-ultima-hora"],"_links":{"self":[{"href":"https:\/\/diarioregionaldigital.com.br\/index.php?rest_route=\/wp\/v2\/posts\/207251","targetHints":{"allow":["GET"]}}],"collection":[{"href":"https:\/\/diarioregionaldigital.com.br\/index.php?rest_route=\/wp\/v2\/posts"}],"about":[{"href":"https:\/\/diarioregionaldigital.com.br\/index.php?rest_route=\/wp\/v2\/types\/post"}],"author":[{"embeddable":true,"href":"https:\/\/diarioregionaldigital.com.br\/index.php?rest_route=\/wp\/v2\/users\/246"}],"replies":[{"embeddable":true,"href":"https:\/\/diarioregionaldigital.com.br\/index.php?rest_route=%2Fwp%2Fv2%2Fcomments&post=207251"}],"version-history":[{"count":1,"href":"https:\/\/diarioregionaldigital.com.br\/index.php?rest_route=\/wp\/v2\/posts\/207251\/revisions"}],"predecessor-version":[{"id":207253,"href":"https:\/\/diarioregionaldigital.com.br\/index.php?rest_route=\/wp\/v2\/posts\/207251\/revisions\/207253"}],"wp:featuredmedia":[{"embeddable":true,"href":"https:\/\/diarioregionaldigital.com.br\/index.php?rest_route=\/wp\/v2\/media\/207252"}],"wp:attachment":[{"href":"https:\/\/diarioregionaldigital.com.br\/index.php?rest_route=%2Fwp%2Fv2%2Fmedia&parent=207251"}],"wp:term":[{"taxonomy":"category","embeddable":true,"href":"https:\/\/diarioregionaldigital.com.br\/index.php?rest_route=%2Fwp%2Fv2%2Fcategories&post=207251"},{"taxonomy":"post_tag","embeddable":true,"href":"https:\/\/diarioregionaldigital.com.br\/index.php?rest_route=%2Fwp%2Fv2%2Ftags&post=207251"}],"curies":[{"name":"wp","href":"https:\/\/api.w.org\/{rel}","templated":true}]}}