{"id":207242,"date":"2022-12-01T18:17:40","date_gmt":"2022-12-01T21:17:40","guid":{"rendered":"https:\/\/diarioregionaldigital.com.br\/?p=207242"},"modified":"2022-12-01T18:17:40","modified_gmt":"2022-12-01T21:17:40","slug":"petrobras-reduz-preco-do-querosene-de-aviacao-em-58","status":"publish","type":"post","link":"https:\/\/diarioregionaldigital.com.br\/?p=207242","title":{"rendered":"Petrobras reduz pre\u00e7o do querosene de avia\u00e7\u00e3o em 5,8%"},"content":{"rendered":"<p>A Petrobras anunciou a redu\u00e7\u00e3o do pre\u00e7o do querosene da avia\u00e7\u00e3o (QAV) em 5,8% para as distribuidoras. O novo valor j\u00e1 come\u00e7a a valer a partir desta\u00a0quinta-feira (1\u00b0). Os ajustes de pre\u00e7os de QAV s\u00e3o mensais e definidos por f\u00f3rmulas contratuais negociadas com as distribuidoras.<img decoding=\"async\" src=\"https:\/\/agenciabrasil.ebc.com.br\/ebc.png?id=1496327&amp;o=node\" \/><img decoding=\"async\" src=\"https:\/\/agenciabrasil.ebc.com.br\/ebc.gif?id=1496327&amp;o=node\" \/><\/p>\n<p>Os pre\u00e7os de venda de QAV buscam equil\u00edbrio com o mercado internacional e acompanham as varia\u00e7\u00f5es do valor do produto e da taxa de c\u00e2mbio, para cima e para baixo, com reajustes aplicados em base mensal, mitigando a volatilidade di\u00e1ria das cota\u00e7\u00f5es internacionais e do c\u00e2mbio.<\/p>\n<p>A Petrobras comercializa o QAV produzido em suas refinarias ou importado apenas para as distribuidoras. Estas transportam e comercializam os produtos para as empresas de transporte a\u00e9reo e outros consumidores finais nos aeroportos\u00a0ou para os revendedores.<\/p>\n<p>Distribuidoras e revendedores s\u00e3o os respons\u00e1veis pelas instala\u00e7\u00f5es nos aeroportos e pelos servi\u00e7os de abastecimento. O QAV \u00e9 utilizado em grandes aeronaves e representa um dos principais componentes do pre\u00e7o final das passagens a\u00e9reas.<\/p>\n<p><span style=\"font-weight: 400;\">Fonte: Ag\u00eancia Brasil <\/span><\/p>\n","protected":false},"excerpt":{"rendered":"<p>A Petrobras anunciou a redu\u00e7\u00e3o do pre\u00e7o do querosene da avia\u00e7\u00e3o (QAV) em 5,8% para as distribuidoras. O novo valor j\u00e1 come\u00e7a a valer a partir desta\u00a0quinta-feira (1\u00b0). Os ajustes de pre\u00e7os de QAV s\u00e3o mensais e definidos por f\u00f3rmulas contratuais negociadas com as distribuidoras. Os pre\u00e7os de venda de QAV buscam equil\u00edbrio com o [&hellip;]<\/p>\n","protected":false},"author":246,"featured_media":207243,"comment_status":"closed","ping_status":"closed","sticky":false,"template":"","format":"standard","meta":{"footnotes":""},"categories":[436,261,439],"tags":[],"class_list":["post-207242","post","type-post","status-publish","format-standard","has-post-thumbnail","hentry","category-destaque-da-semana","category-economia","category-ultima-hora"],"_links":{"self":[{"href":"https:\/\/diarioregionaldigital.com.br\/index.php?rest_route=\/wp\/v2\/posts\/207242","targetHints":{"allow":["GET"]}}],"collection":[{"href":"https:\/\/diarioregionaldigital.com.br\/index.php?rest_route=\/wp\/v2\/posts"}],"about":[{"href":"https:\/\/diarioregionaldigital.com.br\/index.php?rest_route=\/wp\/v2\/types\/post"}],"author":[{"embeddable":true,"href":"https:\/\/diarioregionaldigital.com.br\/index.php?rest_route=\/wp\/v2\/users\/246"}],"replies":[{"embeddable":true,"href":"https:\/\/diarioregionaldigital.com.br\/index.php?rest_route=%2Fwp%2Fv2%2Fcomments&post=207242"}],"version-history":[{"count":1,"href":"https:\/\/diarioregionaldigital.com.br\/index.php?rest_route=\/wp\/v2\/posts\/207242\/revisions"}],"predecessor-version":[{"id":207244,"href":"https:\/\/diarioregionaldigital.com.br\/index.php?rest_route=\/wp\/v2\/posts\/207242\/revisions\/207244"}],"wp:featuredmedia":[{"embeddable":true,"href":"https:\/\/diarioregionaldigital.com.br\/index.php?rest_route=\/wp\/v2\/media\/207243"}],"wp:attachment":[{"href":"https:\/\/diarioregionaldigital.com.br\/index.php?rest_route=%2Fwp%2Fv2%2Fmedia&parent=207242"}],"wp:term":[{"taxonomy":"category","embeddable":true,"href":"https:\/\/diarioregionaldigital.com.br\/index.php?rest_route=%2Fwp%2Fv2%2Fcategories&post=207242"},{"taxonomy":"post_tag","embeddable":true,"href":"https:\/\/diarioregionaldigital.com.br\/index.php?rest_route=%2Fwp%2Fv2%2Ftags&post=207242"}],"curies":[{"name":"wp","href":"https:\/\/api.w.org\/{rel}","templated":true}]}}