{"id":207233,"date":"2022-11-30T21:29:12","date_gmt":"2022-12-01T00:29:12","guid":{"rendered":"https:\/\/diarioregionaldigital.com.br\/?p=207233"},"modified":"2022-11-30T21:29:12","modified_gmt":"2022-12-01T00:29:12","slug":"prefeitura-divulga-esquema-de-onibus-e-transito-para-o-pism-neste-final-de-semana","status":"publish","type":"post","link":"https:\/\/diarioregionaldigital.com.br\/?p=207233","title":{"rendered":"Prefeitura divulga esquema de \u00f4nibus e tr\u00e2nsito para o Pism neste final de semana"},"content":{"rendered":"<p>Segundo informa\u00e7\u00f5es do site da Prefeitura de Juiz de Fora (PJF), para atender aos candidatos do Programa de Ingresso Seletivo Misto (Pism) da Universidade Federal de Juiz de Fora (UFJF), que ser\u00e1 realizado na cidade nos dias 3 e 4, s\u00e1bado e domingo, a Prefeitura de Juiz de Fora (PJF) montou um esquema especial para o transporte coletivo. As sa\u00eddas do Centro iniciam a partir de 9h, sem hor\u00e1rios fixos, da Avenida Get\u00falio Vargas n\u00ba 251 (Linha 545 \u2013 UFJF), e da Avenida Francisco Bernardino n\u00ba 651, ao lado do supermercado (Linha 555 \u2013 UFJF). O tr\u00e2nsito tamb\u00e9m ter\u00e1 altera\u00e7\u00f5es nas vias pr\u00f3ximas ao P\u00f3rtico Norte do campus sede, local com a maior concentra\u00e7\u00e3o de estudantes.<\/p>\n<p>Entre os refor\u00e7os no atendimento ao Pism deste ano est\u00e1 a cria\u00e7\u00e3o da linha especial 570 (Fac. Medicina), que ser\u00e1 disponibilizada para atender exclusivamente a quem presta prova na Avenida Eug\u00eanio do Nascimento s\/n, onde est\u00e3o localizados o HU\/CAS, a Faculdade Doctum e as faculdades de Medicina e Fisioterapia da UFJF. A partida ser\u00e1 do ponto extra da Avenida Itamar Franco, 992, em frente ao Procon, \u00e0s 11h, 11h15 e 11h30.<\/p>\n<p>As linhas com origem nos bairros atendem ao campus da UFJF e a quem presta a prova na Avenida Eug\u00eanio do Nascimento, s\/n. A 170 (Zona Nordeste\/UFJF) parte de Filgueiras \u00e0s 10h15; a 190 (Zona Sul\/UFJF), sai do bairro Sagrado Cora\u00e7\u00e3o \u00e0s 10h30; a 655 (IF Sudeste\/UFJF) tem origem\u00a0no Esplanada \u00e0s 10h30; e a 755 (Zona Norte\/UFJF), com sa\u00edda do bairro Santa L\u00facia \u00e0s 09h35 e \u00e0s 10h10.<\/p>\n<p>Al\u00e9m disso, outras seis linhas que atendem somente ao anel vi\u00e1rio da UFJF, com partidas do Centro e entrada pelo P\u00f3rtico Sul, s\u00e3o outras op\u00e7\u00f5es para os candidatos, que devem conferir o hor\u00e1rio e itiner\u00e1rio no link Infotrans, no\u00a0<a href=\"https:\/\/www.pjf.mg.gov.br\/\"><strong>Portal da PJF<\/strong><\/a>. S\u00e3o elas: 532 (S\u00e3o Pedro), 534 (Santos Dumont), 544 (Recanto dos Brugger), 547 (Nossa Senhora de F\u00e1tima), 548 (Adolpho Vireque) e 549 (Nova Germ\u00e2nia).<\/p>\n<p>No retorno p\u00f3s prova, as linhas 545 e 555 come\u00e7am a circular no campus em dire\u00e7\u00e3o ao Centro \u00e0s 15h30; e a 570, da Avenida Eug\u00eanio do Nascimento ao Centro \u00e0s 16h. A 170 retornar\u00e1 para o bairro \u00e0s 17h45 da Faculdade de Letras; a 190 e a 655 \u00e0s 17h45 da Faculdade de Odontologia; e a 755 \u00e0s 18h da Faculdade de Letras.<\/p>\n<p>As mudan\u00e7as no tr\u00e2nsito acontecem na Rua Jos\u00e9 Louren\u00e7o Kelmer, no S\u00e3o Pedro, que funciona em m\u00e3o \u00fanica, sentido bairro\/Centro at\u00e9 o trevo do Jardim Casablanca, e a Costa e Silva entre a Rua Alberto Pinto e o trevo do campus universit\u00e1rio. Os ve\u00edculos com destino a UFJF via P\u00f3rtico Norte\u00a0devem seguir pela\u00a0Av. Pedro Henrique Krambeck e acessar a Rua Lauro Tel\u00e9s de Mesquita, que ter\u00e1 a m\u00e3o invertida. J\u00e1 os \u00f4nibus do transporte p\u00fablico ser\u00e3o\u00a0desviados para a\u00a0Rua Ant\u00f4nio Rufino ap\u00f3s a Av. Pedro Henrique Krambeck. A Secretaria de Mobilidade Urbana (SMU) orienta que os candidatos que prestam prova na Av. Eug\u00eanio do Nascimento s\/n, no HU\/CAS, na Faculdade Doctum e nas faculdades de Medicina e Fisioterapia, acessem o local\u00a0pelo bairro Aeroporto, passando pelas avenidas Deusdedith Salgado, Prefeito Mello Reis at\u00e9 a Av. Eug\u00eanio do Nascimento.<\/p>\n<p>Os motoristas devem ficar atentos e sa\u00edrem mais cedo dos seus locais de origem pelo aumento do trajeto at\u00e9 o campus\u00a0pelo bairro S\u00e3o Pedro devido \u00e0s necess\u00e1rias altera\u00e7\u00f5es de tr\u00e2nsito. De acordo com a UFJF, 19 mil pessoas realizam as provas na cidade. O fechamento dos port\u00f5es acontece, impreterivelmente, \u00e0s 13h. A SMU estima que, com o grande n\u00famero de ve\u00edculos se dirigindo ao campus, o tempo de deslocamento do Centro at\u00e9 o local \u00e9 de, no m\u00ednimo,\u00a0uma\u00a0hora.<\/p>\n<p><strong>Confira abaixo os itiner\u00e1rios especiais de cada linha que atende ao Pism:<\/strong><br \/>\n&#8211; Linha\u00a0545 \u2013 UFJF \u2013 sa\u00eddas do Centro a partir de 9h:<\/p>\n<p><strong>Sentido Centro\/UFJF:\u00a0<\/strong>Av. Get\u00falio Vargas n\u00ba 251, Av. Itamar Franco, P\u00f3rtico Sul, Anel Vi\u00e1rio da UFJF,\u00a0faculdades de Odontologia, Farm\u00e1cia, Economia e I.C.H., Anel Vi\u00e1rio da UFJF,\u00a0faculdades de Direito e Letras,\u00a0faculdades de Engenharia e Arquitetura \u2013Ponto\u00a0final.<\/p>\n<p><strong>Sentido UFJF\/Centro:<\/strong>\u00a0Faculdades de Engenharia e Arquitetura, Anel Vi\u00e1rio da UFJF, P\u00f3rtico Sul, Av. Itamar Franco, Travessa Doutor Prisco, Rua Jo\u00e3o Pessoa de Rezende, Av. Francisco Bernardino, Rua S\u00e3o Sebasti\u00e3o, Av. Get\u00falio Vargas no 251- Ponto Final.<\/p>\n<p>&nbsp;<\/p>\n<p>&#8211; Linha\u00a0555 \u2013 UFJF \u2013 sa\u00eddas do Centro a partir de 9h:<\/p>\n<p>Sentido Centro\/UFJF: Av. Francisco Bernardino, 651\u00a0(ao lado do supermercado), Av. dos Andradas, Rua Eng. Jos\u00e9 Carlos Moraes Sarmento, Estrada Eng. Gentil Forn, Rua Jos\u00e9 Louren\u00e7o Kelmer, P\u00f3rtico Norte, Anel Vi\u00e1rio da UFJF,\u00a0faculdades de Odontologia, Farm\u00e1cia, Economia e I.C.H., Anel Vi\u00e1rio da UFJF, Faculdade de Direito, Letras,\u00a0faculdades de Engenharia e Arquitetura \u2013 Ponto Final.<\/p>\n<p>Sentido UFJF\/Centro: Faculdades de Engenharia e Arquitetura, Anel Vi\u00e1rio da UFJF, Rua Jos\u00e9 Louren\u00e7o Kelmer, Rua Engenheiro Gentil Forn, Rua Engenheiro Jos\u00e9 Carlos Moraes Sarmento, Av. dos Andradas, Rua Silva Jardim, Avenida Bar\u00e3o do Rio Branco, Rua Afonso Pinto da Mota, Av. Get\u00falio Vargas, Travessa Doutor Prisco, Rua Jo\u00e3o Pessoa de Rezende, Av. Francisco Bernardino, 651 &#8211; Ponto Final.<\/p>\n<p>&nbsp;<\/p>\n<p>&#8211; Linha 570 &#8211; Fac. Medicina\u00a0\u2013 sa\u00eddas do Centro a partir de 11h:<\/p>\n<p>Sentido Centro\/Fac. Medicina: Av. Itamar Franco 992 (em frente ao Procon), Av. Eug\u00eanio Nascimento, rua local de acesso ao HU\/CAS, faculdades de Medicina e Fisioterapia.<\/p>\n<p>Sentido Fac. Medicina\/Centro: Faculdades de Medicina e Fisioterapia\/ HU\/CAS, Av. Eug\u00eanio Nascimento, P\u00f3rtico Sul, Anel Vi\u00e1rio UFJF, P\u00f3rtico Sul, Av. Itamar Franco (Col\u00e9gio Stella Matutina).<\/p>\n<p>&nbsp;<\/p>\n<p>&#8211; Linha 170 \u2013 (Zona Nordeste\/UFJF) \u2013 sa\u00edda de Filgueiras \u00e0s 10h15:<\/p>\n<p>Sentido Zona Nordeste\/UFJF: Rua An\u00edbal Beligoli, 409 \u2013 Ponto Final, Rua Orlando Riani, Rua Diomar Monteiro, Avenida Juiz de Fora, Rua Paracatu, Av. Bar\u00e3o do Rio Branco (pista lateral), Rua Bar\u00e3o de Cataguases, Rua Jo\u00e3o Pinheiro, Rua Engenheiro Gentil Forn, Rua Jos\u00e9 Louren\u00e7o Kelmer, Anel vi\u00e1rio da UFJF, Faculdade de Letras, rua local de acesso \u00e0s Faculdades de Engenharia e Arquitetura, Anel Vi\u00e1rio da UFJF, Avenida Eug\u00eanio Nascimento, rua local de acesso ao HU\/CAS, faculdades de Medicina e Fisioterapia, Avenida Eug\u00eanio Nascimento, P\u00f3rtico Sul, Anel Vi\u00e1rio da UFJF, faculdades de Odontologia, Farm\u00e1cia, I.C.H, Anel Vi\u00e1rio da UFJF, Faculdade de Direito &#8211; Ponto final.<\/p>\n<p>Sentido UFJF\/ Zona Nordeste: Faculdade de Letras, faculdades de Engenharia e Arquitetura, Anel Vi\u00e1rio da UFJF, P\u00f3rtico Sul, Avenida Eug\u00eanio Nascimento, rua local de acesso ao HU\/CAS, faculdades de Medicina e Fisioterapia, Avenida Eug\u00eanio Nascimento, P\u00f3rtico Sul, Anel Vi\u00e1rio da UFJF, faculdades de Odontologia, Farm\u00e1cia, I.C.H, Anel Vi\u00e1rio da UFJF, Faculdade de Direito, Anel Vi\u00e1rio da UFJF, P\u00f3rtico Norte, Rua Jos\u00e9 Louren\u00e7o Kelmer&#8230;<\/p>\n<p>&nbsp;<\/p>\n<p>&#8211; Linha 190 (Zona Sul\/UFJF) \u2013 sa\u00edda do Sagrado Cora\u00e7\u00e3o \u00e0s 10h30:<\/p>\n<p>Sentido Zona Sul\/UFJF: Rua Marciano Pinto\u00a0n\u00ba\u00a01635, Rua Bady Geara, Av. Pedro Afonso Pinheiro, Rua Heitor In\u00e1cio, Rua Cl\u00f3vis Jaguaribe dos Santos, Rua Jos\u00e9 Ferreira, Rua Doutor D\u00e9lcio Fortini, Rua Maria de Lourdes Oliveira, Rua Heitor In\u00e1cio, Avenida Pedro Afonso Pinheiro, Rua Bady Geara, Av. Darcy Vargas, Rua Augusta Sobreira Tostes, Rua Renato Pandolfi, Rua Almiro Ribeiro de Toledo, Rua Francisco Henriques, Rua Dep. Alcides Paiva Campos, Av. Santa Luzia, Rua Ingr\u00e1cia Pinheiro, Rua Jos\u00e9 Nunes Leal, Rua Aurora Torres, Rua Jos\u00e9 Nunes Leal, Av. Santa Luzia, Rua \u00c1gua Limpa, Rua Ch\u00e1cara, Rua Ibitiguaia, Av. Darcy Vargas, Rua Dr. Costa Reis, Rua Maria de Almeida Silva Acesso Sul, Rua Cust\u00f3dio Furtado de Souza, Rua Maria Eug\u00eania de Rezende, Rua Marly Mendes Alves, Av. Deusdedit Salgado, Av. Dr. Paulo Japiassu Coelho, Av. Itamar Franco, Av. Eug\u00eanio Nascimento, rua local de acesso ao HU\/CAS, faculdades de Medicina e Fisioterapia, Av. Eug\u00eanio Nascimento, P\u00f3rtico Sul, Anel Vi\u00e1rio da UFJF, faculdades de Odontologia, Farm\u00e1cia, I.C.H, Anel Vi\u00e1rio da UFJF, faculdades de Direito e Letras, faculdades de Engenharia e Arquitetura \u2013 Ponto final.<\/p>\n<p>Sentido UFJF\/ Zona Sul: rua local de acesso ao HU\/CAS, faculdades de Medicina e Fisioterapia, Av. Eug\u00eanio Nascimento, P\u00f3rtico Sul, Anel Vi\u00e1rio da UFJF faculdades de Odontologia, Farm\u00e1cia, I.C.H, Anel Vi\u00e1rio da UFJF, faculdades de Direito e Letras, faculdades de Engenharia e Arquitetura, Anel Vi\u00e1rio da UFJF, P\u00f3rtico Sul, Av. Itamar Franco, Av. Paulo Japiass\u00fa Coelho &#8230;.<\/p>\n<p>&nbsp;<\/p>\n<p>&#8211; Linha 655 (IF Sudeste\/UFJF) \u2013 sa\u00edda do Esplanada \u00e0s 10h30:<\/p>\n<p>Sentido IF Sudeste\/UFJF: Rua Eduardo Weiss n\u00ba 82, Rua Lu\u00eds Andre Hagen, Rua Lu\u00eds Baltazar Eberle, Rua En\u00e9as Mascarenhas, Rua Coronel Quint\u00e3o, Rua Branca Mascarenhas, Rua Geraldo Gomes Ribeiro, Rua Expedicion\u00e1rio Ant\u00f4nio Novaes, Rua Eunice Weaver, Rua Guilardo Xavier Furtado, Rua Marechal Cordeiro de Faria, Rua Gorizia Trentini da Silva, Rua Jos\u00e9 de Almeida Portes, Rua Dr. Alvino de Paula, Rua Guilardo Xavier Furtado, Rua Eunice Weaver, Rua Helena Bittencourt, Rua Pedro Ronzani, Rua Maria Geralda de Freitas, Rua Nazira Mattar de Freitas, Rua Maestro Jos\u00e9 Quirino, Rua Rog\u00e9rio Fernando Scoralick, Rua Manoel Porfiro Ferreira, Rua Benedito Jos\u00e9 de Freitas, Av. Senhor dos Passos, Rua Vereador Dr. Arlindo Zanini, Rua Oct\u00e1vio Malvaccini, Rua Ac\u00e1cio Alves Alvim, Rua das \u00c1gatas, Rua dos Rub\u00eds, Rua Ac\u00e1cio Alves Alvim, Rua Jos\u00e9 Vict\u00f3rio Castegliani, Rua Professor Vilas Bou\u00e7ada, Rua Dr. Fernando Cyrne, Rua Paulo Botti, Avenida Eug\u00eanio Nascimento, rua local de acesso ao HU\/CAS, faculdades de Medicina e Fisioterapia, Avenida Eug\u00eanio Nascimento, P\u00f3rtico Sul, Anel Vi\u00e1rio da UFJF, faculdades de Odontologia, Farm\u00e1cia, I.C.H, Rua Local, Anel Vi\u00e1rio da UFJF, Faculdades de Direito e Letras, faculdades de Engenharia e Arquitetura \u2013 Ponto final.<\/p>\n<p>&nbsp;<\/p>\n<p>Sentido UFJF\/IF Sudeste: Faculdades de Odontologia, Farm\u00e1cia, I.C.H, Anel Vi\u00e1rio da UFJF, faculdades de Direito e Letras, faculdades de Engenharia e Arquitetura, rua local de acesso ao HU\/CAS, faculdades de Medicina e Fisioterapia, Av Eug\u00eanio Nascimento, P\u00f3rtico Sul, Av. Eug\u00eanio Nascimento&#8230;<\/p>\n<p>&nbsp;<\/p>\n<p>&#8211; Linha 755 (Zona Norte\/UFJF) \u2013 sa\u00eddas do Santa L\u00facia \u00e0s 9h35 e 10h10:<\/p>\n<p>Sentido Zona Norte\/UFJF: Rua Oz\u00f3rio Campos n\u00ba 30, Av. Doutor Bezerra de Menezes, Rua Sebasti\u00e3o Alves Marcato, Rua Doutor Dias da Cruz, Rua General Almerindo da Silva Gomes, Rua Guimar\u00e3es J\u00fanior, Rua Jos\u00e9 Simpliciano Alves, Rua Elp\u00eddio Jos\u00e9 dos Reis, Rua General Almerindo da Silva Gomes, Rua \u00c1lvaro Coelho Lemos, Av. Dr. Sime\u00e3o de Faria, Rua Jos\u00e9 Paulino Sobrinho, Rua Ant\u00f4nio Jos\u00e9 Cosso, Rua Monsenhor Francisco de Paula Salgado, Av. Dr. Sime\u00e3o de Faria, Rua Doutor Ant\u00f4nio Mour\u00e3o Guimar\u00e3es, Rua Fel\u00edcio Manoel de Oliveira, Rua Maria C\u00e2ndida de Jesus, Rua Bartolomeu dos Santos, Rua C\u00e9lio Braga de Ara\u00fajo, Rua Bartolomeu dos Santos, Rua Martins Barbosa, Rua Evaristo da Veiga, Rua Henrique Dias, Rua Diogo \u00c1lvares, Rua Tom\u00e9 de Souza, Av. Juscelino Kubitschek, Av. Olavo Bilac, Rua Bernardo Mascarenhas, Rua Professora Violeta Santos, Av. Vereador Laudelino Schettino, Rua Benjamim Guimar\u00e3es, Rua Ant\u00f4nio Fellet, Rua Engenheiro Gentil Forn, Rua Nelson Gomes de Carvalho, Rua Doutor Hameleto Fellet, Rua Engenheiro Gentil Forn, Rua Jos\u00e9 Louren\u00e7o Kelmer, Anel Vi\u00e1rio da UFJF, Faculdade de Letras, faculdades de Engenharia e Arquitetura, Anel Vi\u00e1rio da UFJF, Av. Eug\u00eanio Nascimento, rua local de acesso ao HU\/CAS, faculdades de Medicina e Fisioterapia, Av Eug\u00eanio Nascimento, P\u00f3rtico Sul, Anel Vi\u00e1rio da UFJF, faculdades de Odontologia, Farm\u00e1cia, I.C.H, Anel Vi\u00e1rio da UFJF, Faculdade de Direito &#8211; Ponto Final.<\/p>\n<p>Sentido UFJF\/Zona Norte: Faculdade de Letras, faculdades de Engenharia e Arquitetura, Anel Vi\u00e1rio da UFJF, P\u00f3rtico Sul, Av. Eug\u00eanio Nascimento, rua local de acesso ao HU\/CAS, faculdades de Medicina e Fisioterapia, Av Eug\u00eanio Nascimento, P\u00f3rtico Sul, Anel Vi\u00e1rio da UFJF, faculdades de Odontologia, Farm\u00e1cia, I.C.H, Anel Vi\u00e1rio da UFJF, Faculdade de Direito, Anel Vi\u00e1rio da UFJF, Rua Jos\u00e9 Louren\u00e7o Kelmer&#8230;<\/p>\n","protected":false},"excerpt":{"rendered":"<p>Segundo informa\u00e7\u00f5es do site da Prefeitura de Juiz de Fora (PJF), para atender aos candidatos do Programa de Ingresso Seletivo Misto (Pism) da Universidade Federal de Juiz de Fora (UFJF), que ser\u00e1 realizado na cidade nos dias 3 e 4, s\u00e1bado e domingo, a Prefeitura de Juiz de Fora (PJF) montou um esquema especial para [&hellip;]<\/p>\n","protected":false},"author":246,"featured_media":207234,"comment_status":"closed","ping_status":"closed","sticky":false,"template":"","format":"standard","meta":{"footnotes":""},"categories":[253,436,439],"tags":[],"class_list":["post-207233","post","type-post","status-publish","format-standard","has-post-thumbnail","hentry","category-cidade","category-destaque-da-semana","category-ultima-hora"],"_links":{"self":[{"href":"https:\/\/diarioregionaldigital.com.br\/index.php?rest_route=\/wp\/v2\/posts\/207233","targetHints":{"allow":["GET"]}}],"collection":[{"href":"https:\/\/diarioregionaldigital.com.br\/index.php?rest_route=\/wp\/v2\/posts"}],"about":[{"href":"https:\/\/diarioregionaldigital.com.br\/index.php?rest_route=\/wp\/v2\/types\/post"}],"author":[{"embeddable":true,"href":"https:\/\/diarioregionaldigital.com.br\/index.php?rest_route=\/wp\/v2\/users\/246"}],"replies":[{"embeddable":true,"href":"https:\/\/diarioregionaldigital.com.br\/index.php?rest_route=%2Fwp%2Fv2%2Fcomments&post=207233"}],"version-history":[{"count":1,"href":"https:\/\/diarioregionaldigital.com.br\/index.php?rest_route=\/wp\/v2\/posts\/207233\/revisions"}],"predecessor-version":[{"id":207235,"href":"https:\/\/diarioregionaldigital.com.br\/index.php?rest_route=\/wp\/v2\/posts\/207233\/revisions\/207235"}],"wp:featuredmedia":[{"embeddable":true,"href":"https:\/\/diarioregionaldigital.com.br\/index.php?rest_route=\/wp\/v2\/media\/207234"}],"wp:attachment":[{"href":"https:\/\/diarioregionaldigital.com.br\/index.php?rest_route=%2Fwp%2Fv2%2Fmedia&parent=207233"}],"wp:term":[{"taxonomy":"category","embeddable":true,"href":"https:\/\/diarioregionaldigital.com.br\/index.php?rest_route=%2Fwp%2Fv2%2Fcategories&post=207233"},{"taxonomy":"post_tag","embeddable":true,"href":"https:\/\/diarioregionaldigital.com.br\/index.php?rest_route=%2Fwp%2Fv2%2Ftags&post=207233"}],"curies":[{"name":"wp","href":"https:\/\/api.w.org\/{rel}","templated":true}]}}