{"id":207230,"date":"2022-11-30T21:27:56","date_gmt":"2022-12-01T00:27:56","guid":{"rendered":"https:\/\/diarioregionaldigital.com.br\/?p=207230"},"modified":"2022-11-30T21:27:56","modified_gmt":"2022-12-01T00:27:56","slug":"edital-da-funalfa-oferece-oficinas-gratuitas-de-capoeira-em-juiz-de-fora","status":"publish","type":"post","link":"https:\/\/diarioregionaldigital.com.br\/?p=207230","title":{"rendered":"Edital da Funalfa oferece oficinas gratuitas de capoeira em Juiz de Fora"},"content":{"rendered":"<p>Segundo informa\u00e7\u00f5es do site da Prefeitura de Juiz de Fora (PJF), dando continuidade \u00e0 programa\u00e7\u00e3o de oficinas de capoeira, iniciada na \u00faltima semana, mais cinco encontros ser\u00e3o realizados entre esta quinta-feira, 1\u00ba, e dia 8. Gratuitas e livres para todos os p\u00fablicos, as atividades s\u00e3o desenvolvidas pelos mestres Jaguar e Jos\u00e9 Dimas, al\u00e9m do professor Caramujo e do contramestre Costela. Os profissionais foram selecionados por meio do Edital de Credenciamento, lan\u00e7ado pela Funda\u00e7\u00e3o Cultural Alfredo Ferreira Lage (Funalfa), com recursos de emenda parlamentar da vereadora Tallia Sobral.<\/p>\n<p>O objetivo das oficinas \u00e9 possibilitar debates e viv\u00eancias em prol da salvaguarda da capoeira, que \u00e9 um bem imaterial, preservando sua identidade e sua cultura ancestral. Tamb\u00e9m \u00e9 uma estrat\u00e9gia para promover a valoriza\u00e7\u00e3o da pr\u00e1tica da capoeira e dos saberes relacionados a ela. Os interessados podem se inscrever no local de realiza\u00e7\u00e3o das oficinas, antes do in\u00edcio das atividades:<\/p>\n<p><strong>Programa\u00e7\u00e3o:<\/strong><br \/>\n<strong>&#8211; Dia 1\u00ba \u2013 Quinta-feira | Mestre Jaguar<\/strong><\/p>\n<p>Local: E. M. Professora Dilamar Carvalho dos Santos (Rua Yolanda Falci Ronzani 3 \u2013\u00a0Remonta)<\/p>\n<p>Hor\u00e1rio: 18h &#8211; Credenciamento | 19h \u00e0s 21h \u2013 Viv\u00eancia<\/p>\n<p>&nbsp;<\/p>\n<p><strong>&#8211; Dia 3 &#8211; S\u00e1bado | Mestre Dimas<\/strong><\/p>\n<p>Local: Pra\u00e7a CEU (Avenida Juscelino Kubitschek 5.899 &#8211; Benfica)<\/p>\n<p>Hor\u00e1rio: 8h30 &#8211; Inscri\u00e7\u00f5es| 9h30 \u00e0s 12h \u2013 Oficina com viv\u00eancia + exibi\u00e7\u00e3o do filme \u201cHist\u00f3ria de Leopoldina e do mestre Dimas\u201d<\/p>\n<p>&nbsp;<\/p>\n<p><strong>&#8211; Dia 6 \u2013 Ter\u00e7a-feira | Mestre Dimas<\/strong><\/p>\n<p>Local: E. M. Jovita de Montreuil Brand\u00e3o (Rua Maestro Jos\u00e9 Quirino. Residencial Parque das \u00c1guas &#8211; Monte Castelo\/Jardim Cachoeira)<\/p>\n<p>Hor\u00e1rio: 8h \u2013 Inscri\u00e7\u00f5es | 9h \u00e0s 11h \u2013 Oficina<\/p>\n<p>&nbsp;<\/p>\n<p><strong>&#8211; Dia 7 \u2013 Quarta-feira | Professor Caramujo<\/strong><\/p>\n<p>Local: Instituto de Educa\u00e7\u00e3o e Cidadania (Centro de Refer\u00eancia dos Direitos Humanos &#8211; R. Vitorino Braga, 126 &#8211; Vitorino Braga)<\/p>\n<p>Hor\u00e1rio: 17h \u00e0s 19h<\/p>\n<p>*Evento restrito aos assistidos pela institui\u00e7\u00e3o<\/p>\n<p>&nbsp;<\/p>\n<p><strong>&#8211; Dia 8 \u2013 Quinta-feira | Mestre Jaguar<\/strong><\/p>\n<p>Local: E. M. Manuel Bandeira (Rua Ant\u00f4nio Meurer 127 &#8211; Nossa Senhora Aparecida)<\/p>\n<p>Hor\u00e1rio: 18h \u2013 Credenciamento | 19h \u00e0s 21h \u2013 Oficina<\/p>\n<p>&nbsp;<\/p>\n<p>O ciclo de oficinas foi iniciado no \u00faltimo domingo 27, durante o Encontro de Artes Urbanas realizado na Pra\u00e7a D\u00e9a Caputo Monachesi, no Bairro Cai\u00e7aras. No dia 28, segunda-feira, foi a vez do Bairro Ipiranga receber a oficina, na E. M. Jesus de Oliveira. Os dois primeiros encontros foram coordenados pelo contramestre Costela.<\/p>\n","protected":false},"excerpt":{"rendered":"<p>Segundo informa\u00e7\u00f5es do site da Prefeitura de Juiz de Fora (PJF), dando continuidade \u00e0 programa\u00e7\u00e3o de oficinas de capoeira, iniciada na \u00faltima semana, mais cinco encontros ser\u00e3o realizados entre esta quinta-feira, 1\u00ba, e dia 8. Gratuitas e livres para todos os p\u00fablicos, as atividades s\u00e3o desenvolvidas pelos mestres Jaguar e Jos\u00e9 Dimas, al\u00e9m do professor [&hellip;]<\/p>\n","protected":false},"author":246,"featured_media":207231,"comment_status":"closed","ping_status":"closed","sticky":false,"template":"","format":"standard","meta":{"footnotes":""},"categories":[253,436,439],"tags":[],"class_list":["post-207230","post","type-post","status-publish","format-standard","has-post-thumbnail","hentry","category-cidade","category-destaque-da-semana","category-ultima-hora"],"_links":{"self":[{"href":"https:\/\/diarioregionaldigital.com.br\/index.php?rest_route=\/wp\/v2\/posts\/207230","targetHints":{"allow":["GET"]}}],"collection":[{"href":"https:\/\/diarioregionaldigital.com.br\/index.php?rest_route=\/wp\/v2\/posts"}],"about":[{"href":"https:\/\/diarioregionaldigital.com.br\/index.php?rest_route=\/wp\/v2\/types\/post"}],"author":[{"embeddable":true,"href":"https:\/\/diarioregionaldigital.com.br\/index.php?rest_route=\/wp\/v2\/users\/246"}],"replies":[{"embeddable":true,"href":"https:\/\/diarioregionaldigital.com.br\/index.php?rest_route=%2Fwp%2Fv2%2Fcomments&post=207230"}],"version-history":[{"count":1,"href":"https:\/\/diarioregionaldigital.com.br\/index.php?rest_route=\/wp\/v2\/posts\/207230\/revisions"}],"predecessor-version":[{"id":207232,"href":"https:\/\/diarioregionaldigital.com.br\/index.php?rest_route=\/wp\/v2\/posts\/207230\/revisions\/207232"}],"wp:featuredmedia":[{"embeddable":true,"href":"https:\/\/diarioregionaldigital.com.br\/index.php?rest_route=\/wp\/v2\/media\/207231"}],"wp:attachment":[{"href":"https:\/\/diarioregionaldigital.com.br\/index.php?rest_route=%2Fwp%2Fv2%2Fmedia&parent=207230"}],"wp:term":[{"taxonomy":"category","embeddable":true,"href":"https:\/\/diarioregionaldigital.com.br\/index.php?rest_route=%2Fwp%2Fv2%2Fcategories&post=207230"},{"taxonomy":"post_tag","embeddable":true,"href":"https:\/\/diarioregionaldigital.com.br\/index.php?rest_route=%2Fwp%2Fv2%2Ftags&post=207230"}],"curies":[{"name":"wp","href":"https:\/\/api.w.org\/{rel}","templated":true}]}}