{"id":207227,"date":"2022-11-30T21:26:22","date_gmt":"2022-12-01T00:26:22","guid":{"rendered":"https:\/\/diarioregionaldigital.com.br\/?p=207227"},"modified":"2022-11-30T21:26:22","modified_gmt":"2022-12-01T00:26:22","slug":"praca-ceu-e-viaduto-helio-fadel-recebem-encontros-de-artes-urbanas-no-fim-de-semana","status":"publish","type":"post","link":"https:\/\/diarioregionaldigital.com.br\/?p=207227","title":{"rendered":"Pra\u00e7a CEU e Viaduto H\u00e9lio F\u00e1del recebem encontros de artes urbanas no fim de semana"},"content":{"rendered":"<p>Segundo informa\u00e7\u00f5es do site da Prefeitura de Juiz de Fora (PJF), mais dois encontros de artes urbanas, organizados pela Prefeitura de Juiz de Fora (PJF), por meio da Funda\u00e7\u00e3o Cultural Alfredo Ferreira Lage (Funalfa) e com recursos de emenda parlamentar da vereadora Tallia Sobral, ser\u00e3o realizados no pr\u00f3ximo fim de semana. No s\u00e1bado, 3, o evento ser\u00e1 levado \u00e0 Pra\u00e7a CEU (Centro de Artes e Esportes Unificados Coronel Adelmir Romualdo de Oliveira \u2013 Benfica), com programa\u00e7\u00e3o das 14h \u00e0s 18h, e, no domingo, 4, acontece no v\u00e3o sob o Viaduto H\u00e9lio F\u00e1del Araujo, localizada na Rua Leopoldo Schmidt \u2013 Centro, das 9h \u00e0s 13h.<\/p>\n<p>Com entrada franca e livre para todos os p\u00fablicos, os encontros ter\u00e3o performances de grafite, apresenta\u00e7\u00e3o de DJs, capoeira e<strong>\u00a0<\/strong>breaking. Os artistas que integram a programa\u00e7\u00e3o foram selecionados por meio de edital de credenciamento lan\u00e7ado pela Funalfa:<\/p>\n<p>&#8211; Wenderson Marcelino (Zang\u00e3o) &#8211; Slam Master<\/p>\n<p>&#8211; Anderson da Silva Rosa &#8211; DJ<\/p>\n<p>&#8211; Raul Magalh\u00e3es &#8211; Dan\u00e7as Urbanas<\/p>\n<p>&#8211; Andressa Cristina da Silva Souza, Gabriel Alvim Toledo e Stain &#8211; Grafite<\/p>\n<p>&#8211; Alanson Moreira Teixeira Gon\u00e7alves, Jos\u00e9 Dimas de Souza, Marcus Vinicius Xavier de Souza e Pedro Augusto Freitas Ribeiro &#8211; Oficina de Capoeira<\/p>\n<p>\u201cValorizar a arte urbana \u00e9 multiplicar vozes\u201d, defende a vereadora Tallia Sobral, destacando que a cena art\u00edstica local \u00e9 composta por um grupo muito diverso, marcado pela pluralidade de ra\u00e7a, g\u00eanero e sexualidade. Ela refor\u00e7a que a emenda destinada ao segmento busca fortalecer o trabalho de artistas de Juiz de Fora, para que possam continuar produzindo e para que suas po\u00e9ticas cheguem a cada vez mais pessoas.<\/p>\n<p>Os dois encontros do fim de semana encerram a Agenda Novembro Negro, por meio da qual a Prefeitura de Juiz de Fora, com participa\u00e7\u00e3o de v\u00e1rias pastas e de entidades parceiras, buscou\u00a0promover reflex\u00f5es e demarcar o posicionamento da gest\u00e3o municipal e da Funalfa contra o racismo estrutural. A programa\u00e7\u00e3o tamb\u00e9m buscou reconhecer e valorizar pessoas, institui\u00e7\u00f5es e tradi\u00e7\u00f5es da cultura de matriz africana.<\/p>\n","protected":false},"excerpt":{"rendered":"<p>Segundo informa\u00e7\u00f5es do site da Prefeitura de Juiz de Fora (PJF), mais dois encontros de artes urbanas, organizados pela Prefeitura de Juiz de Fora (PJF), por meio da Funda\u00e7\u00e3o Cultural Alfredo Ferreira Lage (Funalfa) e com recursos de emenda parlamentar da vereadora Tallia Sobral, ser\u00e3o realizados no pr\u00f3ximo fim de semana. No s\u00e1bado, 3, o [&hellip;]<\/p>\n","protected":false},"author":246,"featured_media":207228,"comment_status":"closed","ping_status":"closed","sticky":false,"template":"","format":"standard","meta":{"footnotes":""},"categories":[253,436,439],"tags":[],"class_list":["post-207227","post","type-post","status-publish","format-standard","has-post-thumbnail","hentry","category-cidade","category-destaque-da-semana","category-ultima-hora"],"_links":{"self":[{"href":"https:\/\/diarioregionaldigital.com.br\/index.php?rest_route=\/wp\/v2\/posts\/207227","targetHints":{"allow":["GET"]}}],"collection":[{"href":"https:\/\/diarioregionaldigital.com.br\/index.php?rest_route=\/wp\/v2\/posts"}],"about":[{"href":"https:\/\/diarioregionaldigital.com.br\/index.php?rest_route=\/wp\/v2\/types\/post"}],"author":[{"embeddable":true,"href":"https:\/\/diarioregionaldigital.com.br\/index.php?rest_route=\/wp\/v2\/users\/246"}],"replies":[{"embeddable":true,"href":"https:\/\/diarioregionaldigital.com.br\/index.php?rest_route=%2Fwp%2Fv2%2Fcomments&post=207227"}],"version-history":[{"count":1,"href":"https:\/\/diarioregionaldigital.com.br\/index.php?rest_route=\/wp\/v2\/posts\/207227\/revisions"}],"predecessor-version":[{"id":207229,"href":"https:\/\/diarioregionaldigital.com.br\/index.php?rest_route=\/wp\/v2\/posts\/207227\/revisions\/207229"}],"wp:featuredmedia":[{"embeddable":true,"href":"https:\/\/diarioregionaldigital.com.br\/index.php?rest_route=\/wp\/v2\/media\/207228"}],"wp:attachment":[{"href":"https:\/\/diarioregionaldigital.com.br\/index.php?rest_route=%2Fwp%2Fv2%2Fmedia&parent=207227"}],"wp:term":[{"taxonomy":"category","embeddable":true,"href":"https:\/\/diarioregionaldigital.com.br\/index.php?rest_route=%2Fwp%2Fv2%2Fcategories&post=207227"},{"taxonomy":"post_tag","embeddable":true,"href":"https:\/\/diarioregionaldigital.com.br\/index.php?rest_route=%2Fwp%2Fv2%2Ftags&post=207227"}],"curies":[{"name":"wp","href":"https:\/\/api.w.org\/{rel}","templated":true}]}}