{"id":207211,"date":"2022-11-30T21:09:30","date_gmt":"2022-12-01T00:09:30","guid":{"rendered":"https:\/\/diarioregionaldigital.com.br\/?p=207211"},"modified":"2022-11-30T21:09:30","modified_gmt":"2022-12-01T00:09:30","slug":"tite-modifica-equipe-e-abre-espaco-para-disputa-por-posicoes","status":"publish","type":"post","link":"https:\/\/diarioregionaldigital.com.br\/?p=207211","title":{"rendered":"Tite modifica equipe e abre espa\u00e7o para disputa por posi\u00e7\u00f5es"},"content":{"rendered":"<p>A confirma\u00e7\u00e3o de um time bastante modificado para o confronto de sexta-feira (2), contra Camar\u00f5es, abriu a temporada de questionamentos sobre a disputa por vagas no time titular. E as posi\u00e7\u00f5es que mais geram d\u00favidas entre torcedores e imprensa s\u00e3o as laterais.<img decoding=\"async\" src=\"https:\/\/agenciabrasil.ebc.com.br\/ebc.png?id=1496208&amp;o=node\" \/><img decoding=\"async\" src=\"https:\/\/agenciabrasil.ebc.com.br\/ebc.gif?id=1496208&amp;o=node\" \/><\/p>\n<p>Com Danilo e Alex Sandro lesionados e a sele\u00e7\u00e3o brasileira j\u00e1 classificada, Daniel Alves e Alex Telles\u00a0ter\u00e3o oportunidade de come\u00e7ar entre os titulares. Para o lateral-esquerdo Alex Telles, a disputa \u00e9 saud\u00e1vel.<\/p>\n<p>\u201cTodos que est\u00e3o aqui querem fazer parte deste momento. A disputa \u00e9 muito sadia dentro do grupo. Vou contar um momento que aconteceu. Quando a gente fez o gol contra a Su\u00ed\u00e7a e foi comemorar todos juntos, o Alex Sandro me puxou e falou: prepara porque eu acho que vou sair. A gente tem uma rela\u00e7\u00e3o muito boa e sabe que momento que aparece, a gente est\u00e1 preparado em todas as posi\u00e7\u00f5es. O companheirismo, a clareza entre os atletas e a disputa sadia faz com que o grupo cres\u00e7a e quem ganha com isso \u00e9 o Brasil\u201d<\/p>\n<p>Alex Telles substituiu Alex Sandro no fim do jogo contra a Su\u00ed\u00e7a, e se saiu muito bem. Pela direita, no entanto, Tite decidiu escalar \u00c9der Milit\u00e3o mesmo tendo Daniel Alves como op\u00e7\u00e3o. A convoca\u00e7\u00e3o do jogador de 39 anos foi bastante criticada, mas, nesta\u00a0sexta-feira, o experiente lateral\u00a0ter\u00e1 oportunidade de mostrar que ainda d\u00e1 conta do recado. Alex Telles defendeu o companheiro.<\/p>\n<p>\u201cSinceramente, acho muito chato o que fazem com ele. O que falam e da forma que falam sobre o momento dele. A gente no dia a dia v\u00ea que ele est\u00e1 totalmente focado, concentrado e positivo. \u00c9 o cara que tem mais t\u00edtulos no mundo neste esporte. Dispensa coment\u00e1rios, tem uma mentalidade muito forte, n\u00e3o \u00e9 \u00e0 toa que est\u00e1 em mais uma Copa do Mundo\u201d.<\/p>\n<p>Daniel Alves n\u00e3o joga uma partida oficial desde\u00a024 de setembro, pelo Pumas, do M\u00e9xico. Ele ser\u00e1 o capit\u00e3o da Sele\u00e7\u00e3o pela 125\u00aa vez e o jogador mais velho a disputar uma partida de Copa do Mundo pelo Brasil.<\/p>\n<p><span style=\"font-weight: 400;\"><br \/>\n<\/span><span style=\"font-weight: 400;\">Fonte: Ag\u00eancia Brasil <\/span><\/p>\n","protected":false},"excerpt":{"rendered":"<p>A confirma\u00e7\u00e3o de um time bastante modificado para o confronto de sexta-feira (2), contra Camar\u00f5es, abriu a temporada de questionamentos sobre a disputa por vagas no time titular. E as posi\u00e7\u00f5es que mais geram d\u00favidas entre torcedores e imprensa s\u00e3o as laterais. Com Danilo e Alex Sandro lesionados e a sele\u00e7\u00e3o brasileira j\u00e1 classificada, Daniel [&hellip;]<\/p>\n","protected":false},"author":246,"featured_media":207212,"comment_status":"closed","ping_status":"closed","sticky":false,"template":"","format":"standard","meta":{"footnotes":""},"categories":[436,440,257,439],"tags":[],"class_list":["post-207211","post","type-post","status-publish","format-standard","has-post-thumbnail","hentry","category-destaque-da-semana","category-destaques-do-dia","category-esporte","category-ultima-hora"],"_links":{"self":[{"href":"https:\/\/diarioregionaldigital.com.br\/index.php?rest_route=\/wp\/v2\/posts\/207211","targetHints":{"allow":["GET"]}}],"collection":[{"href":"https:\/\/diarioregionaldigital.com.br\/index.php?rest_route=\/wp\/v2\/posts"}],"about":[{"href":"https:\/\/diarioregionaldigital.com.br\/index.php?rest_route=\/wp\/v2\/types\/post"}],"author":[{"embeddable":true,"href":"https:\/\/diarioregionaldigital.com.br\/index.php?rest_route=\/wp\/v2\/users\/246"}],"replies":[{"embeddable":true,"href":"https:\/\/diarioregionaldigital.com.br\/index.php?rest_route=%2Fwp%2Fv2%2Fcomments&post=207211"}],"version-history":[{"count":1,"href":"https:\/\/diarioregionaldigital.com.br\/index.php?rest_route=\/wp\/v2\/posts\/207211\/revisions"}],"predecessor-version":[{"id":207213,"href":"https:\/\/diarioregionaldigital.com.br\/index.php?rest_route=\/wp\/v2\/posts\/207211\/revisions\/207213"}],"wp:featuredmedia":[{"embeddable":true,"href":"https:\/\/diarioregionaldigital.com.br\/index.php?rest_route=\/wp\/v2\/media\/207212"}],"wp:attachment":[{"href":"https:\/\/diarioregionaldigital.com.br\/index.php?rest_route=%2Fwp%2Fv2%2Fmedia&parent=207211"}],"wp:term":[{"taxonomy":"category","embeddable":true,"href":"https:\/\/diarioregionaldigital.com.br\/index.php?rest_route=%2Fwp%2Fv2%2Fcategories&post=207211"},{"taxonomy":"post_tag","embeddable":true,"href":"https:\/\/diarioregionaldigital.com.br\/index.php?rest_route=%2Fwp%2Fv2%2Ftags&post=207211"}],"curies":[{"name":"wp","href":"https:\/\/api.w.org\/{rel}","templated":true}]}}