{"id":207065,"date":"2022-11-25T21:59:03","date_gmt":"2022-11-26T00:59:03","guid":{"rendered":"https:\/\/diarioregionaldigital.com.br\/?p=207065"},"modified":"2022-11-25T21:59:03","modified_gmt":"2022-11-26T00:59:03","slug":"juiz-de-fora-participa-de-encontro-nacional-de-secretarios-de-seguranca","status":"publish","type":"post","link":"https:\/\/diarioregionaldigital.com.br\/?p=207065","title":{"rendered":"Juiz de Fora participa de encontro nacional de secret\u00e1rios de seguran\u00e7a"},"content":{"rendered":"<p>Segundo informa\u00e7\u00f5es do site da Prefeitura de Juiz de Fora (PJF), termina nesta sexta-feira, 25, o 4\u00ba Encontro Nacional de Secret\u00e1rios Municipais de Seguran\u00e7a e Gestores da \u00c1rea, realizado em Angra dos Reis. A secret\u00e1ria de Seguran\u00e7a Urbana e Cidadania (Sesuc), da Prefeitura de Juiz de Fora (PJF), Let\u00edcia Paiva Delgado, \u00e9 a representante de Juiz de Fora no evento.<\/p>\n<div id=\"box_texto_noticia\">\n<p>Desde a \u00faltima quarta-feira, 22, participantes de todo o pa\u00eds discutem o \u201cdesafio de ampliar a cultura de seguran\u00e7a p\u00fablica no cen\u00e1rio atual\u201d. O evento tem organiza\u00e7\u00e3o do Conselho Nacional de Secret\u00e1rios e Gestores Municipais de Seguran\u00e7a (Consems) e do Minist\u00e9rio da Justi\u00e7a e Seguran\u00e7a P\u00fablica (MJSP), junto ao munic\u00edpio anfitri\u00e3o.<\/p>\n<p>Palestras e debates enriquecem a experi\u00eancia. Uma triangula\u00e7\u00e3o dos trabalhos desenvolvidos no sul, sudeste e norte do pa\u00eds, apresenta mostra das diversidades e das semelhan\u00e7as enfrentadas pela pasta da seguran\u00e7a Brasil afora. Entre os palestrantes, nomes como o do\u00a0secret\u00e1rio municipal de Seguran\u00e7a P\u00fablica de Pelotas, Rio Grande do Sul, Jos\u00e9 Apodi Dourado; da secret\u00e1ria municipal de Defesa Social de Contagem, Minas Gerais, Viviane Fran\u00e7a; e da secret\u00e1ria municipal de Seguran\u00e7a P\u00fablica Vi\u00e1ria de Cana\u00e3 dos Caraj\u00e1s, Par\u00e1, L\u00e1zara Almeida.<\/p>\n<p>Como construir e interligar pol\u00edticas p\u00fablicas, a\u00e7\u00f5es e projetos sociais e culturais que potencializem os fatores de prote\u00e7\u00e3o e diminuam os fatores de riscos para a sociedade foi um dos tema abordados. Tamb\u00e9m teve espa\u00e7o a discuss\u00e3o sobre as institui\u00e7\u00f5es organizacionais de direitos humanos e a cultura de seguran\u00e7a p\u00fablica. Essa e outras quest\u00f5es do universo da nova l\u00f3gica de seguran\u00e7a cidad\u00e3 proporcionaram amplo ambiente de debates, abertura de perspectivas e constru\u00e7\u00e3o de uma orienta\u00e7\u00e3o mais assertiva para a gest\u00e3o em seguran\u00e7a p\u00fablica.<\/p>\n<div>Para a secret\u00e1ria, Let\u00edcia Paiva Delgado, o evento demosntra a for\u00e7a da pauta da seguran\u00e7a p\u00fablica municipal e a import\u00e2ncia da Guarda Municipal neste cen\u00e1rio. Ela refor\u00e7a ainda a posi\u00e7\u00e3o de vantagem em que Juiz de Fora se encontra quanto \u00e0 formula\u00e7\u00e3o de pol\u00edticas p\u00fablicas de seguran\u00e7a. \u201cNo \u00faltimo ano, foi sancionada lei, criando o primeiro Plano Municipal de Seguran\u00e7a Urbana e Cidadania (Lei 14242), que estabelece as diretrizes para a seguran\u00e7a local pelo per\u00edodo de 10 anos. O peso do documento se deve a sua legitimidade, por ter sido fruto do esfor\u00e7o e do clamor coletivo, de uma sociedade que se manifestou e apontou os caminhos que devem ser percorridos para a conquista de uma cidade mais segura\u201d, afirmou.\n<\/div>\n<div>Uma equipe da Secretaria Nacional de Segurana\u00e7a P\u00fablica (Senasp\/MJSP) tamb\u00e9m esteve presente ao encontro. \u00d3rg\u00e3o com o qual a Sesuc e a Guarda Municipal de Juiz de Fora t\u00eam constante contato, seja para a realiza\u00e7\u00e3o de cursos online, estabeleciemto de conv\u00eanios e parcerias em tecnologia. Em setembro, a Guarda Municipal adotou o Sistema Nacional de Informa\u00e7\u00f5es de Seguran\u00e7a P\u00fablica \u2013 Central de Atendimento e Despacho (Sinesp CAD) plataforma de registro de ocorr\u00eancias disponibilizada pela Senap, que est\u00e1\u00a0 reorganizando e qualificando o trabalho da Guarda.<\/p>\n<p>O evento ainda trouxe apresenta\u00e7\u00e3o de projetos de sucesso, polo de neg\u00f3cios, com apresenta\u00e7\u00f5es culturais e workshop de institui\u00e7\u00f5es de seguran\u00e7a, al\u00e9m de exposi\u00e7\u00e3o de empresas da \u00e1rea de seguran\u00e7a, equipamentos e tecnologias.<\/p><\/div>\n<\/div>\n","protected":false},"excerpt":{"rendered":"<p>Segundo informa\u00e7\u00f5es do site da Prefeitura de Juiz de Fora (PJF), termina nesta sexta-feira, 25, o 4\u00ba Encontro Nacional de Secret\u00e1rios Municipais de Seguran\u00e7a e Gestores da \u00c1rea, realizado em Angra dos Reis. A secret\u00e1ria de Seguran\u00e7a Urbana e Cidadania (Sesuc), da Prefeitura de Juiz de Fora (PJF), Let\u00edcia Paiva Delgado, \u00e9 a representante de [&hellip;]<\/p>\n","protected":false},"author":246,"featured_media":207066,"comment_status":"closed","ping_status":"closed","sticky":false,"template":"","format":"standard","meta":{"footnotes":""},"categories":[253,436,439],"tags":[],"class_list":["post-207065","post","type-post","status-publish","format-standard","has-post-thumbnail","hentry","category-cidade","category-destaque-da-semana","category-ultima-hora"],"_links":{"self":[{"href":"https:\/\/diarioregionaldigital.com.br\/index.php?rest_route=\/wp\/v2\/posts\/207065","targetHints":{"allow":["GET"]}}],"collection":[{"href":"https:\/\/diarioregionaldigital.com.br\/index.php?rest_route=\/wp\/v2\/posts"}],"about":[{"href":"https:\/\/diarioregionaldigital.com.br\/index.php?rest_route=\/wp\/v2\/types\/post"}],"author":[{"embeddable":true,"href":"https:\/\/diarioregionaldigital.com.br\/index.php?rest_route=\/wp\/v2\/users\/246"}],"replies":[{"embeddable":true,"href":"https:\/\/diarioregionaldigital.com.br\/index.php?rest_route=%2Fwp%2Fv2%2Fcomments&post=207065"}],"version-history":[{"count":1,"href":"https:\/\/diarioregionaldigital.com.br\/index.php?rest_route=\/wp\/v2\/posts\/207065\/revisions"}],"predecessor-version":[{"id":207067,"href":"https:\/\/diarioregionaldigital.com.br\/index.php?rest_route=\/wp\/v2\/posts\/207065\/revisions\/207067"}],"wp:featuredmedia":[{"embeddable":true,"href":"https:\/\/diarioregionaldigital.com.br\/index.php?rest_route=\/wp\/v2\/media\/207066"}],"wp:attachment":[{"href":"https:\/\/diarioregionaldigital.com.br\/index.php?rest_route=%2Fwp%2Fv2%2Fmedia&parent=207065"}],"wp:term":[{"taxonomy":"category","embeddable":true,"href":"https:\/\/diarioregionaldigital.com.br\/index.php?rest_route=%2Fwp%2Fv2%2Fcategories&post=207065"},{"taxonomy":"post_tag","embeddable":true,"href":"https:\/\/diarioregionaldigital.com.br\/index.php?rest_route=%2Fwp%2Fv2%2Ftags&post=207065"}],"curies":[{"name":"wp","href":"https:\/\/api.w.org\/{rel}","templated":true}]}}