{"id":207059,"date":"2022-11-25T21:36:23","date_gmt":"2022-11-26T00:36:23","guid":{"rendered":"https:\/\/diarioregionaldigital.com.br\/?p=207059"},"modified":"2022-11-25T21:36:23","modified_gmt":"2022-11-26T00:36:23","slug":"senegal-vence-por-3-a-1-e-acaba-com-chances-de-classificacao-do-catar","status":"publish","type":"post","link":"https:\/\/diarioregionaldigital.com.br\/?p=207059","title":{"rendered":"Senegal vence por 3 a 1 e acaba com chances de classifica\u00e7\u00e3o do Catar"},"content":{"rendered":"<p>A sele\u00e7\u00e3o de Senegal venceu por 3 a 1, na manh\u00e3 desta sexta-feira (25) no Est\u00e1dio Al Thumama, e acabou com as chances de o Catar garantir a classifica\u00e7\u00e3o, no Grupo A, para as oitavas de final da Copa do Catar.<img decoding=\"async\" src=\"https:\/\/agenciabrasil.ebc.com.br\/ebc.png?id=1495460&amp;o=node\" \/><img decoding=\"async\" src=\"https:\/\/agenciabrasil.ebc.com.br\/ebc.gif?id=1495460&amp;o=node\" \/><\/p>\n<p>O t\u00e9cnico F\u00e9lix S\u00e1nchez, do Catar, fez uma altera\u00e7\u00e3o importante do primeiro para o segundo jogo. Trocou o inseguro goleiro Alsheeb pelo reserva Barsham. Senegal, com mais qualidade, n\u00e3o se importou com isso e desde o in\u00edcio da partida pressionou em busca do gol, o que n\u00e3o tirou a empolga\u00e7\u00e3o da torcida catari (quase que exclusivamente masculina), que se posicionou justamente atr\u00e1s de uma das metas.<\/p>\n<p>Aos 15 minutos, Barsham foi exigido. O senegal\u00eas Diatta roubou a bola e encheu o p\u00e9, mas o goleiro mandou para c\u00f3rner. Aos 23 foi a vez de Gana Gueye arriscar de fora da \u00e1rea, tirando tinta da trave do Catar. Ningu\u00e9m duvidava que a t\u00f4nica do jogo seria esta: uma s\u00f3 equipe atacando e a outra esperando uma \u00fanica oportunidade. Talvez, se Sadio Man\u00e9 estivesse nesta Copa, Senegal tivesse muito mais facilidade para furar o bloqueio dos anfitri\u00f5es.<\/p>\n<p>A expectativa no est\u00e1dio ficou por conta de um lance aos 33 minutos do 1\u00ba tempo, quando o catari Afif foi derrubado na \u00e1rea pelo zagueiro senegal\u00eas. O \u00e1rbitro espanhol Antonio Mateu ignorou as reclama\u00e7\u00f5es por p\u00eanalti e seguiu o jogo.<\/p>\n<p>Aos 40 minutos n\u00e3o houve jeito. Um erro bisonho do zagueiro catari Khoukhi, que n\u00e3o soube cortar a bola, permitiu que o camisa 9 Boulaye Dia chegasse batendo rasteiro para fazer 1 a 0. Resultado merecido.<\/p>\n<p>Na etapa final a press\u00e3o continuou. Numa cobran\u00e7a de c\u00f3rner, logo aos 3 minutos, Famara Diedhiou apareceu de cabe\u00e7a para balan\u00e7ar novamente as redes. 2 a 0 com extrema facilidade.<\/p>\n<p>Curiosamente, ap\u00f3s este gol tudo mudou. Buscando reagir, aos 15 minutos, o zagueiro Hassan chutou de fora da \u00e1rea tentando surpreender o goleiro Mendy. A bola passou bem perto. Ali Amoez tamb\u00e9m testou Mendy aos 17. E, aos 21, Edouard Mendy fez a defesa da Copa, mandando para c\u00f3rner uma bola que Mohamad bateu de dentro da pequena \u00e1rea. At\u00e9 ent\u00e3o, o Catar continuava sem marcar gols na sua pr\u00f3pria Copa.<\/p>\n<p>Ap\u00f3s tanta press\u00e3o, o t\u00e9cnico senegal\u00eas Aliou Ciss\u00e9 percebeu que precisava modificar a forma como a equipe estava jogando e come\u00e7ou a fazer substitui\u00e7\u00f5es, at\u00e9 para tentar paralisar o jogo mais vezes. A estrat\u00e9gia n\u00e3o deu certo e, aos 32 minutos, em cruzamento para a \u00e1rea, o reserva Mohammed Muntari testou para o fundo das redes de Mendy, que nem se mexeu. O Catar diminu\u00eda a vantagem para 2 a 1 e incendiava a torcida no est\u00e1dio.<\/p>\n<p>Mas a rea\u00e7\u00e3o foi abortada aos 37 minutos, quando, num cruzamento rasteiro para a \u00e1rea do Catar, o reserva Cheikh Dieng, que entrara h\u00e1 pouco tempo, ampliava o placar para 3 a 1 com um chute indefens\u00e1vel para o goleiro Barsham.<\/p>\n<p>A vit\u00f3ria recolocou o Senegal na Copa. Assim, a partida contra o Equador, pela terceira rodada, na ter\u00e7a-feira (29), ser\u00e1 decisiva. J\u00e1 o Catar acabou eliminado ap\u00f3s a segunda derrota consecutiva. Mesmo assim, ainda volta a campo para se despedir de seus torcedores, na mesma ter\u00e7a, contra a Holanda.<\/p>\n<p><span style=\"font-weight: 400;\">Fonte:\u00a0 Ag\u00eancia Brasil <\/span><\/p>\n","protected":false},"excerpt":{"rendered":"<p>A sele\u00e7\u00e3o de Senegal venceu por 3 a 1, na manh\u00e3 desta sexta-feira (25) no Est\u00e1dio Al Thumama, e acabou com as chances de o Catar garantir a classifica\u00e7\u00e3o, no Grupo A, para as oitavas de final da Copa do Catar. O t\u00e9cnico F\u00e9lix S\u00e1nchez, do Catar, fez uma altera\u00e7\u00e3o importante do primeiro para o [&hellip;]<\/p>\n","protected":false},"author":246,"featured_media":207060,"comment_status":"closed","ping_status":"closed","sticky":false,"template":"","format":"standard","meta":{"footnotes":""},"categories":[436,257,439],"tags":[],"class_list":["post-207059","post","type-post","status-publish","format-standard","has-post-thumbnail","hentry","category-destaque-da-semana","category-esporte","category-ultima-hora"],"_links":{"self":[{"href":"https:\/\/diarioregionaldigital.com.br\/index.php?rest_route=\/wp\/v2\/posts\/207059","targetHints":{"allow":["GET"]}}],"collection":[{"href":"https:\/\/diarioregionaldigital.com.br\/index.php?rest_route=\/wp\/v2\/posts"}],"about":[{"href":"https:\/\/diarioregionaldigital.com.br\/index.php?rest_route=\/wp\/v2\/types\/post"}],"author":[{"embeddable":true,"href":"https:\/\/diarioregionaldigital.com.br\/index.php?rest_route=\/wp\/v2\/users\/246"}],"replies":[{"embeddable":true,"href":"https:\/\/diarioregionaldigital.com.br\/index.php?rest_route=%2Fwp%2Fv2%2Fcomments&post=207059"}],"version-history":[{"count":1,"href":"https:\/\/diarioregionaldigital.com.br\/index.php?rest_route=\/wp\/v2\/posts\/207059\/revisions"}],"predecessor-version":[{"id":207061,"href":"https:\/\/diarioregionaldigital.com.br\/index.php?rest_route=\/wp\/v2\/posts\/207059\/revisions\/207061"}],"wp:featuredmedia":[{"embeddable":true,"href":"https:\/\/diarioregionaldigital.com.br\/index.php?rest_route=\/wp\/v2\/media\/207060"}],"wp:attachment":[{"href":"https:\/\/diarioregionaldigital.com.br\/index.php?rest_route=%2Fwp%2Fv2%2Fmedia&parent=207059"}],"wp:term":[{"taxonomy":"category","embeddable":true,"href":"https:\/\/diarioregionaldigital.com.br\/index.php?rest_route=%2Fwp%2Fv2%2Fcategories&post=207059"},{"taxonomy":"post_tag","embeddable":true,"href":"https:\/\/diarioregionaldigital.com.br\/index.php?rest_route=%2Fwp%2Fv2%2Ftags&post=207059"}],"curies":[{"name":"wp","href":"https:\/\/api.w.org\/{rel}","templated":true}]}}