{"id":207056,"date":"2022-11-25T21:34:46","date_gmt":"2022-11-26T00:34:46","guid":{"rendered":"https:\/\/diarioregionaldigital.com.br\/?p=207056"},"modified":"2022-11-25T21:34:46","modified_gmt":"2022-11-26T00:34:46","slug":"holanda-e-equador-empatam-e-dividem-lideranca-do-grupo-a-da-copa","status":"publish","type":"post","link":"https:\/\/diarioregionaldigital.com.br\/?p=207056","title":{"rendered":"Holanda e Equador empatam e dividem lideran\u00e7a do Grupo A da Copa"},"content":{"rendered":"<p><span style=\"font-weight: 400;\">Holanda e Equador empataram em 1 a 1, na tarde dessa sexta-feira (25) no Est\u00e1dio Internacional Khalifa, em Doha, pela segunda rodada do Grupo A da Copa do Catar. Com esse resulto, as duas equipes est\u00e3o empatadas na lideran\u00e7a da chave com quatro pontos. J\u00e1 o Pa\u00eds de Gales aparece em terceiro, com apenas um ponto e chance remota de classifica\u00e7\u00e3o, enquanto o Catar est\u00e1 eliminado ap\u00f3s duas derrotas.<img decoding=\"async\" src=\"https:\/\/agenciabrasil.ebc.com.br\/ebc.png?id=1495496&amp;o=node\" \/><img decoding=\"async\" src=\"https:\/\/agenciabrasil.ebc.com.br\/ebc.gif?id=1495496&amp;o=node\" \/><br \/>\n<\/span><\/p>\n<p>O gol da Laranja Mec\u00e2nica foi marcado logo aos 5 minutos da etapa inicial, gra\u00e7as a uma finaliza\u00e7\u00e3o da entrada da \u00e1rea do atacante Gakpo. Esse foi o gol mais r\u00e1pido dessa edi\u00e7\u00e3o do torneio at\u00e9 o momento. Na sequ\u00eancia, o Equador partiu para cima.<\/p>\n<p>J\u00e1 a melhor chance da etapa inicial para o time sul-americano foi criada aos 49 minutos, quando o lateral Estupi\u00f1\u00e1n desviou para o gol a conclus\u00e3o de \u00c1ngelo Preciado. Por\u00e9m, o \u00e1rbitro Mustapha Ghorbal, com aux\u00edlio do VAR (\u00e1rbitro de v\u00eddeo), invalidou a jogada marcando impedimento de Porozo, que participou de forma efetiva do lance por estar diante do goleiro holand\u00eas Noppert.<\/p>\n<p>Mas n\u00e3o demorou para o Equador marcar e empatar o jogo. Logo aos tr\u00eas minutos da etapa final, ap\u00f3s erro da Holanda, Estupi\u00f1an bateu de fora da \u00e1rea. O goleiro Noppert n\u00e3o conseguiu segurar e Enner Val\u00eancia concluiu para a rede. Ele se tornou o artilheiro isolado da Copa com tr\u00eas gols.<\/p>\n<p>Depois a partida esquentou, com oportunidades de lado a lado. Aos 13, Plata pegou um rebote e bateu forte de esquerda da entrada da \u00e1rea e a bola explodiu no travess\u00e3o holand\u00eas. Aos 27, Gakpo recebeu sozinho na cara do goleiro equatoriano, tentou um toque por cima, mas viu a bola passar raspando a trave direita.<\/p>\n<p>Na pr\u00f3xima ter\u00e7a-feira (29) ser\u00e3o definidos os dois classificados do Grupo A para as oitavas. \u00c0s 12h (hor\u00e1rio de Bras\u00edlia), a Holanda pega o eliminado Catar. O time europeu passa de fase at\u00e9 mesmo com um empate. Tamb\u00e9m \u00e0s 12 horas, o Equador encara o Senegal. O time da Am\u00e9rica do Sul joga por outra igualdade para avan\u00e7ar e os africanos precisam da vit\u00f3ria para seguirem adiante.<\/p>\n<p><span style=\"font-weight: 400;\">\u00a0<\/span><span style=\"font-weight: 400;\"><br \/>\n<\/span><span style=\"font-weight: 400;\">Fonte:\u00a0 Ag\u00eancia Brasil <\/span><\/p>\n","protected":false},"excerpt":{"rendered":"<p>Holanda e Equador empataram em 1 a 1, na tarde dessa sexta-feira (25) no Est\u00e1dio Internacional Khalifa, em Doha, pela segunda rodada do Grupo A da Copa do Catar. Com esse resulto, as duas equipes est\u00e3o empatadas na lideran\u00e7a da chave com quatro pontos. J\u00e1 o Pa\u00eds de Gales aparece em terceiro, com apenas um [&hellip;]<\/p>\n","protected":false},"author":246,"featured_media":207057,"comment_status":"closed","ping_status":"closed","sticky":false,"template":"","format":"standard","meta":{"footnotes":""},"categories":[436,257,439],"tags":[],"class_list":["post-207056","post","type-post","status-publish","format-standard","has-post-thumbnail","hentry","category-destaque-da-semana","category-esporte","category-ultima-hora"],"_links":{"self":[{"href":"https:\/\/diarioregionaldigital.com.br\/index.php?rest_route=\/wp\/v2\/posts\/207056","targetHints":{"allow":["GET"]}}],"collection":[{"href":"https:\/\/diarioregionaldigital.com.br\/index.php?rest_route=\/wp\/v2\/posts"}],"about":[{"href":"https:\/\/diarioregionaldigital.com.br\/index.php?rest_route=\/wp\/v2\/types\/post"}],"author":[{"embeddable":true,"href":"https:\/\/diarioregionaldigital.com.br\/index.php?rest_route=\/wp\/v2\/users\/246"}],"replies":[{"embeddable":true,"href":"https:\/\/diarioregionaldigital.com.br\/index.php?rest_route=%2Fwp%2Fv2%2Fcomments&post=207056"}],"version-history":[{"count":1,"href":"https:\/\/diarioregionaldigital.com.br\/index.php?rest_route=\/wp\/v2\/posts\/207056\/revisions"}],"predecessor-version":[{"id":207058,"href":"https:\/\/diarioregionaldigital.com.br\/index.php?rest_route=\/wp\/v2\/posts\/207056\/revisions\/207058"}],"wp:featuredmedia":[{"embeddable":true,"href":"https:\/\/diarioregionaldigital.com.br\/index.php?rest_route=\/wp\/v2\/media\/207057"}],"wp:attachment":[{"href":"https:\/\/diarioregionaldigital.com.br\/index.php?rest_route=%2Fwp%2Fv2%2Fmedia&parent=207056"}],"wp:term":[{"taxonomy":"category","embeddable":true,"href":"https:\/\/diarioregionaldigital.com.br\/index.php?rest_route=%2Fwp%2Fv2%2Fcategories&post=207056"},{"taxonomy":"post_tag","embeddable":true,"href":"https:\/\/diarioregionaldigital.com.br\/index.php?rest_route=%2Fwp%2Fv2%2Ftags&post=207056"}],"curies":[{"name":"wp","href":"https:\/\/api.w.org\/{rel}","templated":true}]}}