{"id":207047,"date":"2022-11-25T21:26:18","date_gmt":"2022-11-26T00:26:18","guid":{"rendered":"https:\/\/diarioregionaldigital.com.br\/?p=207047"},"modified":"2022-11-25T21:26:18","modified_gmt":"2022-11-26T00:26:18","slug":"vacina-nacional-contra-a-covid-19-inicia-testes-clinicos","status":"publish","type":"post","link":"https:\/\/diarioregionaldigital.com.br\/?p=207047","title":{"rendered":"Vacina nacional contra a covid-19 inicia testes cl\u00ednicos"},"content":{"rendered":"<p>Os estudos cl\u00ednicos da primeira vacina totalmente nacional contra a covid-19 foram iniciados\u00a0hoje\u00a0(25) na Faculdade de Medicina da Universidade Federal de Minas Gerais (UFMG). O imunizante SpiN-Tec MCTI UFMG \u00e9 o primeiro desenvolvido com tecnologia e insumos nacionais, al\u00e9m de ser financiado com recursos de institui\u00e7\u00f5es brasileiras.\u00a0<img decoding=\"async\" src=\"https:\/\/agenciabrasil.ebc.com.br\/ebc.png?id=1495537&amp;o=node\" \/><img decoding=\"async\" src=\"https:\/\/agenciabrasil.ebc.com.br\/ebc.gif?id=1495537&amp;o=node\" \/><\/p>\n<p>Durante evento realizado em Belo Horizonte, o secret\u00e1rio de Pesquisa e Forma\u00e7\u00e3o Cient\u00edfica do Minist\u00e9rio da Ci\u00eancia e Tecnologia e Inova\u00e7\u00f5es (MCTI), Marcelo Morales, aplicou a primeira dose da vacina em um dos\u00a0<a href=\"https:\/\/agenciabrasil.ebc.com.br\/saude\/noticia\/2022-11\/ufmg-seleciona-voluntarios-para-teste-de-nova-vacina-contra-covid-19\" target=\"_blank\" rel=\"noopener\">1 mil volunt\u00e1rios que se inscreveram para participar dos testes<\/a>.<\/p>\n<p>Os testes ser\u00e3o realizados em tr\u00eas fases\u00a0que reunir\u00e3o 72, 360 e 5 mil volunt\u00e1rios, respectivamente. Ap\u00f3s a conclus\u00e3o das duas primeiras, um relat\u00f3rio com os resultados obtidos ser\u00e1 enviado para a Ag\u00eancia Nacional de Vigil\u00e2ncia Sanit\u00e1ria (Anvisa) para autoriza\u00e7\u00e3o da fase seguinte.<\/p>\n<p>Antes da utiliza\u00e7\u00e3o em humanos, testes pr\u00e9-cl\u00ednicos realizados em laborat\u00f3rio e em animais confirmaram a efic\u00e1cia e a seguran\u00e7a preliminar da vacina. Os resultados foram publicados em agosto deste ano na revista cient\u00edfica Nature.<\/p>\n<p>Os ensaios cl\u00ednicos s\u00e3o coordenados pelo professor Helton Santiago, do Instituto de Ci\u00eancias Biol\u00f3gicas (ICB), e pelo professor Jorge Andrade Pinto, da Unidade de Pesquisa Cl\u00ednica em Vacinas (UPqVac).<\/p>\n<p>A SpiN-Tec\u00a0teve investimento de R$ 16 milh\u00f5es do Minist\u00e9rio da Ci\u00eancia e Tecnologia e Inova\u00e7\u00f5es e participa\u00e7\u00e3o\u00a0da Funda\u00e7\u00e3o Oswaldo Cruz em Minas Gerais (Fiocruz Minas) e da Rede V\u00edrus &#8211; comit\u00ea que re\u00fane ag\u00eancias de financiamento, como a Financiadora de Estudos e Projetos (Finep) e o Conselho Nacional de Desenvolvimento Cient\u00edfico e Tecnol\u00f3gico (CNPq).<\/p>\n<p><span style=\"font-weight: 400;\">\u00a0<\/span><span style=\"font-weight: 400;\"><br \/>\n<\/span><span style=\"font-weight: 400;\">Fonte:\u00a0 Ag\u00eancia Brasil <\/span><\/p>\n","protected":false},"excerpt":{"rendered":"<p>Os estudos cl\u00ednicos da primeira vacina totalmente nacional contra a covid-19 foram iniciados\u00a0hoje\u00a0(25) na Faculdade de Medicina da Universidade Federal de Minas Gerais (UFMG). O imunizante SpiN-Tec MCTI UFMG \u00e9 o primeiro desenvolvido com tecnologia e insumos nacionais, al\u00e9m de ser financiado com recursos de institui\u00e7\u00f5es brasileiras.\u00a0 Durante evento realizado em Belo Horizonte, o secret\u00e1rio [&hellip;]<\/p>\n","protected":false},"author":246,"featured_media":207048,"comment_status":"closed","ping_status":"closed","sticky":false,"template":"","format":"standard","meta":{"footnotes":""},"categories":[436,254,439],"tags":[],"class_list":["post-207047","post","type-post","status-publish","format-standard","has-post-thumbnail","hentry","category-destaque-da-semana","category-politica","category-ultima-hora"],"_links":{"self":[{"href":"https:\/\/diarioregionaldigital.com.br\/index.php?rest_route=\/wp\/v2\/posts\/207047","targetHints":{"allow":["GET"]}}],"collection":[{"href":"https:\/\/diarioregionaldigital.com.br\/index.php?rest_route=\/wp\/v2\/posts"}],"about":[{"href":"https:\/\/diarioregionaldigital.com.br\/index.php?rest_route=\/wp\/v2\/types\/post"}],"author":[{"embeddable":true,"href":"https:\/\/diarioregionaldigital.com.br\/index.php?rest_route=\/wp\/v2\/users\/246"}],"replies":[{"embeddable":true,"href":"https:\/\/diarioregionaldigital.com.br\/index.php?rest_route=%2Fwp%2Fv2%2Fcomments&post=207047"}],"version-history":[{"count":1,"href":"https:\/\/diarioregionaldigital.com.br\/index.php?rest_route=\/wp\/v2\/posts\/207047\/revisions"}],"predecessor-version":[{"id":207049,"href":"https:\/\/diarioregionaldigital.com.br\/index.php?rest_route=\/wp\/v2\/posts\/207047\/revisions\/207049"}],"wp:featuredmedia":[{"embeddable":true,"href":"https:\/\/diarioregionaldigital.com.br\/index.php?rest_route=\/wp\/v2\/media\/207048"}],"wp:attachment":[{"href":"https:\/\/diarioregionaldigital.com.br\/index.php?rest_route=%2Fwp%2Fv2%2Fmedia&parent=207047"}],"wp:term":[{"taxonomy":"category","embeddable":true,"href":"https:\/\/diarioregionaldigital.com.br\/index.php?rest_route=%2Fwp%2Fv2%2Fcategories&post=207047"},{"taxonomy":"post_tag","embeddable":true,"href":"https:\/\/diarioregionaldigital.com.br\/index.php?rest_route=%2Fwp%2Fv2%2Ftags&post=207047"}],"curies":[{"name":"wp","href":"https:\/\/api.w.org\/{rel}","templated":true}]}}