{"id":207044,"date":"2022-11-25T21:24:59","date_gmt":"2022-11-26T00:24:59","guid":{"rendered":"https:\/\/diarioregionaldigital.com.br\/?p=207044"},"modified":"2022-11-25T21:24:59","modified_gmt":"2022-11-26T00:24:59","slug":"ex-secretario-de-policia-civil-do-rio-vira-reu-por-obstruir-justica","status":"publish","type":"post","link":"https:\/\/diarioregionaldigital.com.br\/?p=207044","title":{"rendered":"Ex-secret\u00e1rio de Pol\u00edcia Civil do Rio vira r\u00e9u por obstruir Justi\u00e7a"},"content":{"rendered":"<p>A Justi\u00e7a\u00a0do \u00a0 aceitou den\u00fancia do Minist\u00e9rio P\u00fablico estadual contra o ex-secret\u00e1rio de Pol\u00edcia Civil Allan Turnowski, que virou r\u00e9u por obstru\u00e7\u00e3o do Judici\u00e1rio. A decis\u00e3o \u00e9 do juiz Bruno Monteiro Ruli\u00e8re, da 1\u00aa Vara Criminal Especializada do Tribunal de Justi\u00e7a, que determinou tamb\u00e9m que Turnowski n\u00e3o exer\u00e7a qualquer fun\u00e7\u00e3o p\u00fablica e at\u00e9 mesmo acesse lugares vinculados \u00e0 Pol\u00edcia Civil.<img decoding=\"async\" src=\"https:\/\/agenciabrasil.ebc.com.br\/ebc.png?id=1495563&amp;o=node\" \/><img decoding=\"async\" src=\"https:\/\/agenciabrasil.ebc.com.br\/ebc.gif?id=1495563&amp;o=node\" \/><\/p>\n<p>Turnowski \u00e9 acusado de atrapalhar investiga\u00e7\u00f5es sobre uma organiza\u00e7\u00e3o criminosa que agia na cidade de Petr\u00f3polis, na regi\u00e3o serrana do Rio, e exigia propinas de lojistas.<\/p>\n<p>De acordo com o Grupo de Atua\u00e7\u00e3o Especializada e Combate ao Crime Organizado (Gaeco) do Minist\u00e9rio P\u00fablico do Rio, o esquema era comandado pelo delegado Maur\u00edcio Dem\u00e9trio Alves, ex-titular da Delegacia de Repress\u00e3o aos Crimes contra a Propriedade Imaterial, que atualmente est\u00e1 \u00e0 disposi\u00e7\u00e3o da Justi\u00e7a, com pris\u00e3o preventiva decretada.<\/p>\n<p>Turnowski foi preso no dia 9 de setembro deste ano, em casa e teve pris\u00e3o preventiva decretada pela Justi\u00e7a. Ele tinha se afastado do cargo para concorrer a uma vaga de deputado federal pelo Rio, o que n\u00e3o se concretizou.<\/p>\n<p>No dia 29 de setembro, uma decis\u00e3o do ministro Nunes Marques, do Supremo Tribunal Federal (STF) revogou a pris\u00e3o preventiva de Turnowski. Para o ministro, a pris\u00e3o preventiva n\u00e3o tinha fundamenta\u00e7\u00e3o que apontasse, especificamente, a atua\u00e7\u00e3o de Turnowski na organiza\u00e7\u00e3o criminosa.<\/p>\n<p>J\u00e1 o juiz Bruno Ruli\u00e8re considerou, em sua decis\u00e3o, que, mesmo afastado da Pol\u00edcia Civil, Turnowski ainda influencia as condutas adotadas pela alta c\u00fapula da institui\u00e7\u00e3o. \u201cO recebimento de informa\u00e7\u00f5es sigilosas lhe permitiu inviabilizar parcialmente o cumprimento de ordem judicial de busca e apreens\u00e3o, desfazendo-se de prova extremamente relevante, o dispositivo telef\u00f4nico por ele utilizado\u201d, destacou Ruli\u00e8re.<\/p>\n<p>O juiz determinou ainda aplica\u00e7\u00e3o de medida de proibi\u00e7\u00e3o de contato, por qualquer via, de Allan Turnowski com qualquer autoridade que exer\u00e7a alto cargo na administra\u00e7\u00e3o da Pol\u00edcia Civil. De acordo com Ruli\u00e8re, tal provid\u00eancia se justifica porque existem ind\u00edcios de que \u201ca posi\u00e7\u00e3o de poder e prest\u00edgio de que desfruta o denunciado dentro de sua corpora\u00e7\u00e3o pode ser utilizada, de alguma forma, para interferir negativamente na regular instru\u00e7\u00e3o do processo\u201d.<\/p>\n<p>Pela decis\u00e3o, Turnowski \u00e9 obrigado a manter endere\u00e7o residencial atualizado nos autos do processo e n\u00e3o pode manter contato com os demais denunciados e testemunhas. O descumprimento de qualquer das medidas impostas poder\u00e1 resultar na expedi\u00e7\u00e3o de decreto prisional, advertiu o juiz.<\/p>\n<p><span style=\"font-weight: 400;\">Fonte:\u00a0 Ag\u00eancia Brasil\u00a0<\/span><span style=\"font-weight: 400;\"><br \/>\n<\/span><\/p>\n","protected":false},"excerpt":{"rendered":"<p>A Justi\u00e7a\u00a0do \u00a0 aceitou den\u00fancia do Minist\u00e9rio P\u00fablico estadual contra o ex-secret\u00e1rio de Pol\u00edcia Civil Allan Turnowski, que virou r\u00e9u por obstru\u00e7\u00e3o do Judici\u00e1rio. A decis\u00e3o \u00e9 do juiz Bruno Monteiro Ruli\u00e8re, da 1\u00aa Vara Criminal Especializada do Tribunal de Justi\u00e7a, que determinou tamb\u00e9m que Turnowski n\u00e3o exer\u00e7a qualquer fun\u00e7\u00e3o p\u00fablica e at\u00e9 mesmo acesse [&hellip;]<\/p>\n","protected":false},"author":246,"featured_media":207045,"comment_status":"closed","ping_status":"closed","sticky":false,"template":"","format":"standard","meta":{"footnotes":""},"categories":[436,254,439],"tags":[],"class_list":["post-207044","post","type-post","status-publish","format-standard","has-post-thumbnail","hentry","category-destaque-da-semana","category-politica","category-ultima-hora"],"_links":{"self":[{"href":"https:\/\/diarioregionaldigital.com.br\/index.php?rest_route=\/wp\/v2\/posts\/207044","targetHints":{"allow":["GET"]}}],"collection":[{"href":"https:\/\/diarioregionaldigital.com.br\/index.php?rest_route=\/wp\/v2\/posts"}],"about":[{"href":"https:\/\/diarioregionaldigital.com.br\/index.php?rest_route=\/wp\/v2\/types\/post"}],"author":[{"embeddable":true,"href":"https:\/\/diarioregionaldigital.com.br\/index.php?rest_route=\/wp\/v2\/users\/246"}],"replies":[{"embeddable":true,"href":"https:\/\/diarioregionaldigital.com.br\/index.php?rest_route=%2Fwp%2Fv2%2Fcomments&post=207044"}],"version-history":[{"count":1,"href":"https:\/\/diarioregionaldigital.com.br\/index.php?rest_route=\/wp\/v2\/posts\/207044\/revisions"}],"predecessor-version":[{"id":207046,"href":"https:\/\/diarioregionaldigital.com.br\/index.php?rest_route=\/wp\/v2\/posts\/207044\/revisions\/207046"}],"wp:featuredmedia":[{"embeddable":true,"href":"https:\/\/diarioregionaldigital.com.br\/index.php?rest_route=\/wp\/v2\/media\/207045"}],"wp:attachment":[{"href":"https:\/\/diarioregionaldigital.com.br\/index.php?rest_route=%2Fwp%2Fv2%2Fmedia&parent=207044"}],"wp:term":[{"taxonomy":"category","embeddable":true,"href":"https:\/\/diarioregionaldigital.com.br\/index.php?rest_route=%2Fwp%2Fv2%2Fcategories&post=207044"},{"taxonomy":"post_tag","embeddable":true,"href":"https:\/\/diarioregionaldigital.com.br\/index.php?rest_route=%2Fwp%2Fv2%2Ftags&post=207044"}],"curies":[{"name":"wp","href":"https:\/\/api.w.org\/{rel}","templated":true}]}}