{"id":207041,"date":"2022-11-25T21:23:04","date_gmt":"2022-11-26T00:23:04","guid":{"rendered":"https:\/\/diarioregionaldigital.com.br\/?p=207041"},"modified":"2022-11-25T21:23:04","modified_gmt":"2022-11-26T00:23:04","slug":"moraes-desbloqueia-recursos-do-pp-e-republicanos-em-acao-sobre-urnas","status":"publish","type":"post","link":"https:\/\/diarioregionaldigital.com.br\/?p=207041","title":{"rendered":"Moraes desbloqueia recursos do PP e Republicanos em a\u00e7\u00e3o sobre urnas"},"content":{"rendered":"<p>O presidente do Tribunal Superior Eleitoral (TSE), ministro Alexandre de Moraes, excluiu\u00a0hoje\u00a0(25) o PP e o Republicanos do bloqueio de recursos do fundo partid\u00e1rio determinado na\u00a0<a href=\"https:\/\/agenciabrasil.ebc.com.br\/justica\/noticia\/2022-11\/presidente-do-tse-nega-acao-do-pl-que-questiona-urnas-no-segundo-turno\" target=\"_blank\" rel=\"noopener\">decis\u00e3o<\/a>\u00a0que negou pedido da Coliga\u00e7\u00e3o Pelo Bem do Brasil para questionar votos do segundo turno das elei\u00e7\u00f5es.\u00a0<img decoding=\"async\" src=\"https:\/\/agenciabrasil.ebc.com.br\/ebc.png?id=1495549&amp;o=node\" \/><img decoding=\"async\" src=\"https:\/\/agenciabrasil.ebc.com.br\/ebc.gif?id=1495549&amp;o=node\" \/><\/p>\n<p>Na\u00a0quarta-feira (23), Moraes condenou a coliga\u00e7\u00e3o, tamb\u00e9m formada pelo PL para apoiar a candidatura do presidente Jair Bolsonaro nas elei\u00e7\u00f5es deste ano, por litig\u00e2ncia de m\u00e1-f\u00e9, aplicando multa de R$ 22,9 milh\u00f5es. Para garantir o pagamento, foi determinada a suspens\u00e3o de repasses do Fundo Partid\u00e1rio.<\/p>\n<p>Ap\u00f3s a decis\u00e3o, o PP e o Republicanos alegaram no TSE que n\u00e3o foram consultados sobre a a\u00e7\u00e3o que questionou o suposto mau funcionamento de urnas e que &#8220;reconheceram o resultado e a validade das elei\u00e7\u00f5es de 2022&#8221;.<\/p>\n<p>Ao decidir a quest\u00e3o, Moraes concordou que o PL n\u00e3o poderia falar pelos demais partidos ao protocolar a a\u00e7\u00e3o.<\/p>\n<p>&#8220;Ambos os partidos &#8211; Progressistas e Republicanos &#8211; afirmaram, expressamente, que reconheceram publicamente por seus dirigentes a vit\u00f3ria da Coliga\u00e7\u00e3o Brasil da Esperan\u00e7a nas urnas, conforme declara\u00e7\u00f5es publicadas na imprensa e que, em momento algum, questionaram a integridade das urnas eletr\u00f4nicas, diferentemente do que foi apresentado \u00fanica e exclusivamente pelo Partido Liberal&#8221;, escreveu o ministro.<\/p>\n<p><span style=\"font-weight: 400;\">Fonte:\u00a0 Ag\u00eancia Brasil <\/span><\/p>\n","protected":false},"excerpt":{"rendered":"<p>O presidente do Tribunal Superior Eleitoral (TSE), ministro Alexandre de Moraes, excluiu\u00a0hoje\u00a0(25) o PP e o Republicanos do bloqueio de recursos do fundo partid\u00e1rio determinado na\u00a0decis\u00e3o\u00a0que negou pedido da Coliga\u00e7\u00e3o Pelo Bem do Brasil para questionar votos do segundo turno das elei\u00e7\u00f5es.\u00a0 Na\u00a0quarta-feira (23), Moraes condenou a coliga\u00e7\u00e3o, tamb\u00e9m formada pelo PL para apoiar a [&hellip;]<\/p>\n","protected":false},"author":246,"featured_media":207042,"comment_status":"closed","ping_status":"closed","sticky":false,"template":"","format":"standard","meta":{"footnotes":""},"categories":[436,254,439],"tags":[],"class_list":["post-207041","post","type-post","status-publish","format-standard","has-post-thumbnail","hentry","category-destaque-da-semana","category-politica","category-ultima-hora"],"_links":{"self":[{"href":"https:\/\/diarioregionaldigital.com.br\/index.php?rest_route=\/wp\/v2\/posts\/207041","targetHints":{"allow":["GET"]}}],"collection":[{"href":"https:\/\/diarioregionaldigital.com.br\/index.php?rest_route=\/wp\/v2\/posts"}],"about":[{"href":"https:\/\/diarioregionaldigital.com.br\/index.php?rest_route=\/wp\/v2\/types\/post"}],"author":[{"embeddable":true,"href":"https:\/\/diarioregionaldigital.com.br\/index.php?rest_route=\/wp\/v2\/users\/246"}],"replies":[{"embeddable":true,"href":"https:\/\/diarioregionaldigital.com.br\/index.php?rest_route=%2Fwp%2Fv2%2Fcomments&post=207041"}],"version-history":[{"count":1,"href":"https:\/\/diarioregionaldigital.com.br\/index.php?rest_route=\/wp\/v2\/posts\/207041\/revisions"}],"predecessor-version":[{"id":207043,"href":"https:\/\/diarioregionaldigital.com.br\/index.php?rest_route=\/wp\/v2\/posts\/207041\/revisions\/207043"}],"wp:featuredmedia":[{"embeddable":true,"href":"https:\/\/diarioregionaldigital.com.br\/index.php?rest_route=\/wp\/v2\/media\/207042"}],"wp:attachment":[{"href":"https:\/\/diarioregionaldigital.com.br\/index.php?rest_route=%2Fwp%2Fv2%2Fmedia&parent=207041"}],"wp:term":[{"taxonomy":"category","embeddable":true,"href":"https:\/\/diarioregionaldigital.com.br\/index.php?rest_route=%2Fwp%2Fv2%2Fcategories&post=207041"},{"taxonomy":"post_tag","embeddable":true,"href":"https:\/\/diarioregionaldigital.com.br\/index.php?rest_route=%2Fwp%2Fv2%2Ftags&post=207041"}],"curies":[{"name":"wp","href":"https:\/\/api.w.org\/{rel}","templated":true}]}}