{"id":207038,"date":"2022-11-25T21:18:03","date_gmt":"2022-11-26T00:18:03","guid":{"rendered":"https:\/\/diarioregionaldigital.com.br\/?p=207038"},"modified":"2022-11-25T21:18:03","modified_gmt":"2022-11-26T00:18:03","slug":"ministro-do-stf-determina-adocao-de-medidas-para-proteger-indigenas","status":"publish","type":"post","link":"https:\/\/diarioregionaldigital.com.br\/?p=207038","title":{"rendered":"Ministro do STF determina ado\u00e7\u00e3o de medidas para proteger ind\u00edgenas"},"content":{"rendered":"<p>O ministro Edson Fachin, do Supremo Tribunal Federal (STF), determinou que o governo federal adote medidas para proteger integralmente territ\u00f3rios com presen\u00e7a de ind\u00edgenas isolados.\u00a0<img decoding=\"async\" src=\"https:\/\/agenciabrasil.ebc.com.br\/ebc.png?id=1495574&amp;o=node\" \/><img decoding=\"async\" src=\"https:\/\/agenciabrasil.ebc.com.br\/ebc.gif?id=1495574&amp;o=node\" \/><\/p>\n<p>A decis\u00e3o foi assinada nesta semana e atendeu ao pedido de prote\u00e7\u00e3o feito pela Articula\u00e7\u00e3o dos Povos Ind\u00edgenas do Brasil (Apib). A a\u00e7\u00e3o foi protocolada em junho deste ano em fun\u00e7\u00e3o do assassinato do indigenista Bruno Pereira e do jornalista brit\u00e2nico Dom Phillips, na Terra Ind\u00edgena Vale do Javari, no Amazonas.<\/p>\n<p>Pela decis\u00e3o do ministro, portarias que criaram restri\u00e7\u00f5es de acesso \u00e0s \u00e1reas isoladas devem ser sempre renovadas antes do fim da vig\u00eancia at\u00e9 a conclus\u00e3o definitiva do processo demarcat\u00f3rio para impedir a entrada de terceiros, como mission\u00e1rios, garimpeiros, madeireiros e demais pessoas que possam explorar ilicitamente o territ\u00f3rio.<\/p>\n<p>&#8220;Defiro as medidas cautelares pleiteadas da seguinte forma: determinar \u00e0 Uni\u00e3o Federal, no prazo de at\u00e9 60 dias, a emiss\u00e3o de portarias de restri\u00e7\u00e3o de uso para as refer\u00eancias de povos ind\u00edgenas isolados que se encontram fora ou parcialmente fora de terras ind\u00edgenas, bem como planos de prote\u00e7\u00e3o das referidas \u00e1reas, sob pena de, em n\u00e3o se cumprindo o prazo, que o STF determine a restri\u00e7\u00e3o de uso por decis\u00e3o judicial dessas \u00e1reas&#8221;, decidiu o ministro.<\/p>\n<p>Entre as sete medidas determinadas pelo ministro tamb\u00e9m est\u00e1 a prote\u00e7\u00e3o da Terra Ind\u00edgena Tanaru, em Rond\u00f4nia.<\/p>\n<p>Em agosto deste ano, a Funai informou que morreu o \u201c\u00edndio do buraco\u201d, \u00faltimo remanescente de uma etnia n\u00e3o identificada que foi massacrada na d\u00e9cada de 1990. O ind\u00edgena era monitorado h\u00e1 26 anos pelo \u00f3rg\u00e3o.<\/p>\n<p>Os \u00edndios isolados que viviam na regi\u00e3o foram alvo de diversos ataques durante as d\u00e9cadas de 1980 e 1990. Assim, o grupo do \u00edndio, que j\u00e1 era pequeno, acabou dizimado, deixando como \u00fanico sobrevivente o homem, que tinha como caracter\u00edstica marcante escavar buracos dentro das palho\u00e7as onde vivia.<\/p>\n<p>Fachin tamb\u00e9m determinou que o governo federal informe oficialmente ao Supremo o detalhamento da situa\u00e7\u00e3o envolvendo a morte do &#8220;\u00edndio do buraco&#8221;, entregue documentos sobre aut\u00f3psia e declare qual destina\u00e7\u00e3o ser\u00e1 dada \u00e0 Terra Ind\u00edgena Tanaru.<\/p>\n<p><span style=\"font-weight: 400;\">\u00a0<\/span><span style=\"font-weight: 400;\"><br \/>\n<\/span><span style=\"font-weight: 400;\">Fonte:\u00a0 Ag\u00eancia Brasil <\/span><\/p>\n","protected":false},"excerpt":{"rendered":"<p>O ministro Edson Fachin, do Supremo Tribunal Federal (STF), determinou que o governo federal adote medidas para proteger integralmente territ\u00f3rios com presen\u00e7a de ind\u00edgenas isolados.\u00a0 A decis\u00e3o foi assinada nesta semana e atendeu ao pedido de prote\u00e7\u00e3o feito pela Articula\u00e7\u00e3o dos Povos Ind\u00edgenas do Brasil (Apib). A a\u00e7\u00e3o foi protocolada em junho deste ano em [&hellip;]<\/p>\n","protected":false},"author":246,"featured_media":207039,"comment_status":"closed","ping_status":"closed","sticky":false,"template":"","format":"standard","meta":{"footnotes":""},"categories":[436,440,254,439],"tags":[],"class_list":["post-207038","post","type-post","status-publish","format-standard","has-post-thumbnail","hentry","category-destaque-da-semana","category-destaques-do-dia","category-politica","category-ultima-hora"],"_links":{"self":[{"href":"https:\/\/diarioregionaldigital.com.br\/index.php?rest_route=\/wp\/v2\/posts\/207038","targetHints":{"allow":["GET"]}}],"collection":[{"href":"https:\/\/diarioregionaldigital.com.br\/index.php?rest_route=\/wp\/v2\/posts"}],"about":[{"href":"https:\/\/diarioregionaldigital.com.br\/index.php?rest_route=\/wp\/v2\/types\/post"}],"author":[{"embeddable":true,"href":"https:\/\/diarioregionaldigital.com.br\/index.php?rest_route=\/wp\/v2\/users\/246"}],"replies":[{"embeddable":true,"href":"https:\/\/diarioregionaldigital.com.br\/index.php?rest_route=%2Fwp%2Fv2%2Fcomments&post=207038"}],"version-history":[{"count":1,"href":"https:\/\/diarioregionaldigital.com.br\/index.php?rest_route=\/wp\/v2\/posts\/207038\/revisions"}],"predecessor-version":[{"id":207040,"href":"https:\/\/diarioregionaldigital.com.br\/index.php?rest_route=\/wp\/v2\/posts\/207038\/revisions\/207040"}],"wp:featuredmedia":[{"embeddable":true,"href":"https:\/\/diarioregionaldigital.com.br\/index.php?rest_route=\/wp\/v2\/media\/207039"}],"wp:attachment":[{"href":"https:\/\/diarioregionaldigital.com.br\/index.php?rest_route=%2Fwp%2Fv2%2Fmedia&parent=207038"}],"wp:term":[{"taxonomy":"category","embeddable":true,"href":"https:\/\/diarioregionaldigital.com.br\/index.php?rest_route=%2Fwp%2Fv2%2Fcategories&post=207038"},{"taxonomy":"post_tag","embeddable":true,"href":"https:\/\/diarioregionaldigital.com.br\/index.php?rest_route=%2Fwp%2Fv2%2Ftags&post=207038"}],"curies":[{"name":"wp","href":"https:\/\/api.w.org\/{rel}","templated":true}]}}