{"id":207034,"date":"2022-11-25T20:40:01","date_gmt":"2022-11-25T23:40:01","guid":{"rendered":"https:\/\/diarioregionaldigital.com.br\/?p=207034"},"modified":"2022-11-25T20:40:01","modified_gmt":"2022-11-25T23:40:01","slug":"batalha-da-inflacao-ainda-nao-foi-vencida-diz-presidente-do-bc","status":"publish","type":"post","link":"https:\/\/diarioregionaldigital.com.br\/?p=207034","title":{"rendered":"Batalha da infla\u00e7\u00e3o ainda n\u00e3o foi vencida, diz presidente do BC"},"content":{"rendered":"<p>O presidente do Banco Central (BC), Roberto Campos Neto, disse hoje (25) ainda h\u00e1 dificuldades para controlar a alta generalizada de pre\u00e7os no Brasil e no mundo. \u201cA gente ainda n\u00e3o venceu a batalha da infla\u00e7\u00e3o nem localmente, nem globalmente. \u00c9 importante persistir\u201d, afirmou Campos Neto, em palestra durante almo\u00e7o promovido pela Federa\u00e7\u00e3o Brasileira de Bancos (Febraban).<img decoding=\"async\" src=\"https:\/\/agenciabrasil.ebc.com.br\/ebc.png?id=1495534&amp;o=node\" \/><img decoding=\"async\" src=\"https:\/\/agenciabrasil.ebc.com.br\/ebc.gif?id=1495534&amp;o=node\" \/><\/p>\n<p>No entanto, as altas inflacion\u00e1rias parecem estar se estabilizando, destacou o presidente do Banco Central. \u201cAs infla\u00e7\u00f5es no mundo parece que chegaram a um pico ou, pelo menos, a um patamar alto, e est\u00e3o se acomodando ou caindo.\u201d<\/p>\n<p>Campos Neto ressaltou que, no Brasil, o cen\u00e1rio atual faz com que o mercado preveja novas altas na taxa b\u00e1sica de juros para fazer frente ao problema. \u201cO mercado espera que os juros voltem a subir. Acho que aqui tem uma incerteza em rela\u00e7\u00e3o ao arcabou\u00e7o fiscal\u201d, acrescentou.<\/p>\n<p>Segundo o presidente do BC, o cen\u00e1rio de infla\u00e7\u00e3o foi causado por um aumento de demanda durante a pandemia de covid-19 sem que houvesse aumento de oferta, especialmente de bens, que conseguisse acompanhar essa alta. \u201cFoi colocado muito dinheiro em circula\u00e7\u00e3o, e esse dinheiro fez com que a demanda por bens subisse muito\u201d, ressaltou.<\/p>\n<p>Para ele, a produ\u00e7\u00e3o de bens, associada a mudan\u00e7as nas matrizes energ\u00e9ticas, acabou pressionando a oferta de energia, situa\u00e7\u00e3o que se agravou ainda com a guerra na Ucr\u00e2nia.<\/p>\n<p>Al\u00e9m disso, acrescentou Campos Neto, h\u00e1 componentes estruturais que t\u00eam causado tend\u00eancias inflacion\u00e1rias. Segundo ele, historicamente, os governos de todo o mundo t\u00eam buscado formas de aumentar a produtividade das economias, o que n\u00e3o foi feito nos \u00faltimos anos. \u201cA produtividade cai, e os governos reagem fazendo reformas, mas n\u00e3o foi o caso dos \u00faltimos 10 ou 15 anos. A gente tem a produtividade caindo com o menor volume de reformas da hist\u00f3ria.\u201d<\/p>\n<p>Para o presidente do BC, nos pr\u00f3ximos meses, as press\u00f5es devem se manter, devido \u00e0\u00a0 necessidade de gastos na \u00e1rea social. \u201cOs governos t\u00eam ainda necessidade de fazer diversos pacotes entendendo que exista uma necessidade social, mas a gente n\u00e3o pode ter a pol\u00edtica monet\u00e1ria de um lado e a pol\u00edtica fiscal do outro\u201d, destacou.<\/p>\n<p><span style=\"font-weight: 400;\">Fonte:\u00a0 Ag\u00eancia Brasil <\/span><\/p>\n","protected":false},"excerpt":{"rendered":"<p>O presidente do Banco Central (BC), Roberto Campos Neto, disse hoje (25) ainda h\u00e1 dificuldades para controlar a alta generalizada de pre\u00e7os no Brasil e no mundo. \u201cA gente ainda n\u00e3o venceu a batalha da infla\u00e7\u00e3o nem localmente, nem globalmente. \u00c9 importante persistir\u201d, afirmou Campos Neto, em palestra durante almo\u00e7o promovido pela Federa\u00e7\u00e3o Brasileira de [&hellip;]<\/p>\n","protected":false},"author":246,"featured_media":207035,"comment_status":"closed","ping_status":"closed","sticky":false,"template":"","format":"standard","meta":{"footnotes":""},"categories":[436,261,439],"tags":[],"class_list":["post-207034","post","type-post","status-publish","format-standard","has-post-thumbnail","hentry","category-destaque-da-semana","category-economia","category-ultima-hora"],"_links":{"self":[{"href":"https:\/\/diarioregionaldigital.com.br\/index.php?rest_route=\/wp\/v2\/posts\/207034","targetHints":{"allow":["GET"]}}],"collection":[{"href":"https:\/\/diarioregionaldigital.com.br\/index.php?rest_route=\/wp\/v2\/posts"}],"about":[{"href":"https:\/\/diarioregionaldigital.com.br\/index.php?rest_route=\/wp\/v2\/types\/post"}],"author":[{"embeddable":true,"href":"https:\/\/diarioregionaldigital.com.br\/index.php?rest_route=\/wp\/v2\/users\/246"}],"replies":[{"embeddable":true,"href":"https:\/\/diarioregionaldigital.com.br\/index.php?rest_route=%2Fwp%2Fv2%2Fcomments&post=207034"}],"version-history":[{"count":1,"href":"https:\/\/diarioregionaldigital.com.br\/index.php?rest_route=\/wp\/v2\/posts\/207034\/revisions"}],"predecessor-version":[{"id":207036,"href":"https:\/\/diarioregionaldigital.com.br\/index.php?rest_route=\/wp\/v2\/posts\/207034\/revisions\/207036"}],"wp:featuredmedia":[{"embeddable":true,"href":"https:\/\/diarioregionaldigital.com.br\/index.php?rest_route=\/wp\/v2\/media\/207035"}],"wp:attachment":[{"href":"https:\/\/diarioregionaldigital.com.br\/index.php?rest_route=%2Fwp%2Fv2%2Fmedia&parent=207034"}],"wp:term":[{"taxonomy":"category","embeddable":true,"href":"https:\/\/diarioregionaldigital.com.br\/index.php?rest_route=%2Fwp%2Fv2%2Fcategories&post=207034"},{"taxonomy":"post_tag","embeddable":true,"href":"https:\/\/diarioregionaldigital.com.br\/index.php?rest_route=%2Fwp%2Fv2%2Ftags&post=207034"}],"curies":[{"name":"wp","href":"https:\/\/api.w.org\/{rel}","templated":true}]}}