{"id":207031,"date":"2022-11-25T20:38:46","date_gmt":"2022-11-25T23:38:46","guid":{"rendered":"https:\/\/diarioregionaldigital.com.br\/?p=207031"},"modified":"2022-11-25T20:38:46","modified_gmt":"2022-11-25T23:38:46","slug":"governo-remaneja-r-5876-milhoes-para-passaportes-e-carros-pipa","status":"publish","type":"post","link":"https:\/\/diarioregionaldigital.com.br\/?p=207031","title":{"rendered":"Governo remaneja R$ 58,76 milh\u00f5es para passaportes e carros-pipa"},"content":{"rendered":"<p>Paralisadas h\u00e1 alguns dias por falta de recursos, a emiss\u00e3o de passaportes pela Pol\u00edcia Federal e a Opera\u00e7\u00e3o Carro-Pipa come\u00e7aram a\u00a0ter\u00a0as verbas recompostas.\u00a0O\u00a0governo federal publicou, em edi\u00e7\u00e3o extraordin\u00e1ria do\u00a0<em>Di\u00e1rio Oficial da Uni\u00e3o,(DO)\u00a0<\/em>nesta quinta-feira\u00a0(24) \u00e0 noite, uma\u00a0<a href=\"https:\/\/www.in.gov.br\/web\/dou\/-\/portaria-seto\/me-n-10.136-de-24-de-novembro-de-2022-446083498\" target=\"_blank\" rel=\"noopener\">portaria<\/a>\u00a0que remaneja R$ 58,76 milh\u00f5es para as duas \u00e1reas.<\/p>\n<p>Os recursos vieram do Fundo Nacional de Desenvolvimento Cient\u00edfico e Tecnol\u00f3gico (FNDCT). A Pol\u00edcia Federal recebeu R$ 37,36 milh\u00f5es para a \u201cmanuten\u00e7\u00e3o do sistema de emiss\u00e3o de passaporte, controle do tr\u00e1fego internacional e de registros de estrangeiros\u201d. O Minist\u00e9rio do Desenvolvimento Regional (MDR), respons\u00e1vel pela Opera\u00e7\u00e3o Carro-Pipa, teve o caixa recomposto em R$ 21,4 milh\u00f5es.<\/p>\n<p>Em rela\u00e7\u00e3o \u00e0 Pol\u00edcia Federal, a retomada da emiss\u00e3o de passaportes n\u00e3o ser\u00e1 imediata. Conforme disse, na \u00faltima\u00a0ter\u00e7a-feira (22), o secret\u00e1rio especial de Tesouro e Or\u00e7amento do Minist\u00e9rio da Economia, Esteves Colnago, a verba liberada\u00a0hoje\u00a0corresponde a apenas metade do valor necess\u00e1rio. Caber\u00e1 ao Congresso Nacional aprovar, no in\u00edcio\u00a0de dezembro, um\u00a0<a href=\"https:\/\/agenciabrasil.ebc.com.br\/economia\/noticia\/2022-11\/secretario-promete-liberar-verba-para-retomar-emissao-de-passaportes\" target=\"_blank\" rel=\"noopener\">cr\u00e9dito extraordin\u00e1rio<\/a>\u00a0(fora do teto de gastos) com os R$ 37,36 milh\u00f5es restantes.<\/p>\n<p>Sobre a Opera\u00e7\u00e3o Carro-Pipa, programa que h\u00e1 20 anos fornece \u00e1gua para munic\u00edpios do semi\u00e1rido nordestino em parceria com o Ex\u00e9rcito, o MDR informou que o servi\u00e7o ser\u00e1 retomado na pr\u00f3xima semana. H\u00e1 algumas semanas, o fornecimento de \u00e1gua estava suspenso.<\/p>\n<p>Segundo o MDR, o remanejamento de recursos foi decidido na \u00faltima\u00a0segunda-feira (21) pela Junta de Execu\u00e7\u00e3o Or\u00e7ament\u00e1ria (JEO), \u00f3rg\u00e3o de assessoramento direto ao presidente da Rep\u00fablica na condu\u00e7\u00e3o da pol\u00edtica fiscal do governo federal.<img decoding=\"async\" src=\"https:\/\/agenciabrasil.ebc.com.br\/ebc.png?id=1495543&amp;o=node\" \/><img decoding=\"async\" src=\"https:\/\/agenciabrasil.ebc.com.br\/ebc.gif?id=1495543&amp;o=node\" \/><\/p>\n<p><span style=\"font-weight: 400;\">Fonte:\u00a0 Ag\u00eancia Brasil\u00a0<\/span><span style=\"font-weight: 400;\"><br \/>\n<\/span><\/p>\n","protected":false},"excerpt":{"rendered":"<p>Paralisadas h\u00e1 alguns dias por falta de recursos, a emiss\u00e3o de passaportes pela Pol\u00edcia Federal e a Opera\u00e7\u00e3o Carro-Pipa come\u00e7aram a\u00a0ter\u00a0as verbas recompostas.\u00a0O\u00a0governo federal publicou, em edi\u00e7\u00e3o extraordin\u00e1ria do\u00a0Di\u00e1rio Oficial da Uni\u00e3o,(DO)\u00a0nesta quinta-feira\u00a0(24) \u00e0 noite, uma\u00a0portaria\u00a0que remaneja R$ 58,76 milh\u00f5es para as duas \u00e1reas. Os recursos vieram do Fundo Nacional de Desenvolvimento Cient\u00edfico e Tecnol\u00f3gico [&hellip;]<\/p>\n","protected":false},"author":246,"featured_media":207032,"comment_status":"closed","ping_status":"closed","sticky":false,"template":"","format":"standard","meta":{"footnotes":""},"categories":[436,261,439],"tags":[],"class_list":["post-207031","post","type-post","status-publish","format-standard","has-post-thumbnail","hentry","category-destaque-da-semana","category-economia","category-ultima-hora"],"_links":{"self":[{"href":"https:\/\/diarioregionaldigital.com.br\/index.php?rest_route=\/wp\/v2\/posts\/207031","targetHints":{"allow":["GET"]}}],"collection":[{"href":"https:\/\/diarioregionaldigital.com.br\/index.php?rest_route=\/wp\/v2\/posts"}],"about":[{"href":"https:\/\/diarioregionaldigital.com.br\/index.php?rest_route=\/wp\/v2\/types\/post"}],"author":[{"embeddable":true,"href":"https:\/\/diarioregionaldigital.com.br\/index.php?rest_route=\/wp\/v2\/users\/246"}],"replies":[{"embeddable":true,"href":"https:\/\/diarioregionaldigital.com.br\/index.php?rest_route=%2Fwp%2Fv2%2Fcomments&post=207031"}],"version-history":[{"count":1,"href":"https:\/\/diarioregionaldigital.com.br\/index.php?rest_route=\/wp\/v2\/posts\/207031\/revisions"}],"predecessor-version":[{"id":207033,"href":"https:\/\/diarioregionaldigital.com.br\/index.php?rest_route=\/wp\/v2\/posts\/207031\/revisions\/207033"}],"wp:featuredmedia":[{"embeddable":true,"href":"https:\/\/diarioregionaldigital.com.br\/index.php?rest_route=\/wp\/v2\/media\/207032"}],"wp:attachment":[{"href":"https:\/\/diarioregionaldigital.com.br\/index.php?rest_route=%2Fwp%2Fv2%2Fmedia&parent=207031"}],"wp:term":[{"taxonomy":"category","embeddable":true,"href":"https:\/\/diarioregionaldigital.com.br\/index.php?rest_route=%2Fwp%2Fv2%2Fcategories&post=207031"},{"taxonomy":"post_tag","embeddable":true,"href":"https:\/\/diarioregionaldigital.com.br\/index.php?rest_route=%2Fwp%2Fv2%2Ftags&post=207031"}],"curies":[{"name":"wp","href":"https:\/\/api.w.org\/{rel}","templated":true}]}}