{"id":207028,"date":"2022-11-25T20:37:01","date_gmt":"2022-11-25T23:37:01","guid":{"rendered":"https:\/\/diarioregionaldigital.com.br\/?p=207028"},"modified":"2022-11-25T20:37:01","modified_gmt":"2022-11-25T23:37:01","slug":"dolar-ultrapassa-r-540-com-indefinicao-sobre-equipe-economica","status":"publish","type":"post","link":"https:\/\/diarioregionaldigital.com.br\/?p=207028","title":{"rendered":"D\u00f3lar ultrapassa R$ 5,40 com indefini\u00e7\u00e3o sobre equipe econ\u00f4mica"},"content":{"rendered":"<p>A falta de indica\u00e7\u00f5es do governo eleito sobre a equipe econ\u00f4mica pesou no mercado financeiro. O d\u00f3lar fechou acima de R$ 5,40 pela primeira vez em quatro meses. A bolsa de valores despencou e quase anulou os ganhos da v\u00e9spera.<img decoding=\"async\" src=\"https:\/\/agenciabrasil.ebc.com.br\/ebc.png?id=1495561&amp;o=node\" \/><img decoding=\"async\" src=\"https:\/\/agenciabrasil.ebc.com.br\/ebc.gif?id=1495561&amp;o=node\" \/><\/p>\n<p>O d\u00f3lar comercial encerrou esta sexta-feira (25) vendido a R$ 5,411, com alta de R$ 0,101. A cota\u00e7\u00e3o iniciou o dia em baixa, chegando a R$ 5,30 pouco antes das 10h. Ap\u00f3s a abertura dos mercados norte-americanos, passou a operar na casa dos R$ 5,35 e disparou no fim da tarde ap\u00f3s a participa\u00e7\u00e3o do ex-prefeito de S\u00e3o Paulo Fernando Haddad em evento da Federa\u00e7\u00e3o Brasileira de Bancos (Febraban).<\/p>\n<p>Com o desempenho de hoje, a moeda norte-americana fecha a semana com alta de 0,67%. A divisa acumula valoriza\u00e7\u00e3o de 4,74% em novembro e queda de 2,96% em 2022.<\/p>\n<p>No mercado de a\u00e7\u00f5es, o dia tamb\u00e9m foi marcado pela instabilidade. O \u00edndice Ibovespa, da B3, fechou aos 108.977 pontos, com queda de 2,55%. O indicador encerrou um pouco acima do n\u00edvel de quarta-feira (23) e ganhou apenas 0,1% na semana.<\/p>\n<p>A falta de informa\u00e7\u00f5es no discurso de Haddad sobre um nome para ocupar o minist\u00e9rio da Fazenda n\u00e3o foi bem recebida pelos investidores. As indefini\u00e7\u00f5es sobre a proposta de emenda \u00e0 Constitui\u00e7\u00e3o (PEC) que pretende retirar o programa Bolsa Fam\u00edlia e alguns investimentos do teto federal de gastos contribuiu para a volatilidade.<\/p>\n<p>No exterior, o dia foi marcado por poucos neg\u00f3cios, ainda por causa do feriado de A\u00e7\u00e3o de Gra\u00e7as ontem (24) nos Estados Unidos. No mercado internacional, o d\u00f3lar teve uma alta discreta contra as principais moedas do planeta.<\/p>\n<p><span style=\"font-weight: 400;\">Fonte:\u00a0 Ag\u00eancia Brasil <\/span><\/p>\n","protected":false},"excerpt":{"rendered":"<p>A falta de indica\u00e7\u00f5es do governo eleito sobre a equipe econ\u00f4mica pesou no mercado financeiro. O d\u00f3lar fechou acima de R$ 5,40 pela primeira vez em quatro meses. A bolsa de valores despencou e quase anulou os ganhos da v\u00e9spera. O d\u00f3lar comercial encerrou esta sexta-feira (25) vendido a R$ 5,411, com alta de R$ [&hellip;]<\/p>\n","protected":false},"author":246,"featured_media":207029,"comment_status":"closed","ping_status":"closed","sticky":false,"template":"","format":"standard","meta":{"footnotes":""},"categories":[436,261,439],"tags":[],"class_list":["post-207028","post","type-post","status-publish","format-standard","has-post-thumbnail","hentry","category-destaque-da-semana","category-economia","category-ultima-hora"],"_links":{"self":[{"href":"https:\/\/diarioregionaldigital.com.br\/index.php?rest_route=\/wp\/v2\/posts\/207028","targetHints":{"allow":["GET"]}}],"collection":[{"href":"https:\/\/diarioregionaldigital.com.br\/index.php?rest_route=\/wp\/v2\/posts"}],"about":[{"href":"https:\/\/diarioregionaldigital.com.br\/index.php?rest_route=\/wp\/v2\/types\/post"}],"author":[{"embeddable":true,"href":"https:\/\/diarioregionaldigital.com.br\/index.php?rest_route=\/wp\/v2\/users\/246"}],"replies":[{"embeddable":true,"href":"https:\/\/diarioregionaldigital.com.br\/index.php?rest_route=%2Fwp%2Fv2%2Fcomments&post=207028"}],"version-history":[{"count":1,"href":"https:\/\/diarioregionaldigital.com.br\/index.php?rest_route=\/wp\/v2\/posts\/207028\/revisions"}],"predecessor-version":[{"id":207030,"href":"https:\/\/diarioregionaldigital.com.br\/index.php?rest_route=\/wp\/v2\/posts\/207028\/revisions\/207030"}],"wp:featuredmedia":[{"embeddable":true,"href":"https:\/\/diarioregionaldigital.com.br\/index.php?rest_route=\/wp\/v2\/media\/207029"}],"wp:attachment":[{"href":"https:\/\/diarioregionaldigital.com.br\/index.php?rest_route=%2Fwp%2Fv2%2Fmedia&parent=207028"}],"wp:term":[{"taxonomy":"category","embeddable":true,"href":"https:\/\/diarioregionaldigital.com.br\/index.php?rest_route=%2Fwp%2Fv2%2Fcategories&post=207028"},{"taxonomy":"post_tag","embeddable":true,"href":"https:\/\/diarioregionaldigital.com.br\/index.php?rest_route=%2Fwp%2Fv2%2Ftags&post=207028"}],"curies":[{"name":"wp","href":"https:\/\/api.w.org\/{rel}","templated":true}]}}