{"id":207016,"date":"2022-11-25T00:26:25","date_gmt":"2022-11-25T03:26:25","guid":{"rendered":"https:\/\/diarioregionaldigital.com.br\/?p=207016"},"modified":"2022-11-25T00:26:25","modified_gmt":"2022-11-25T03:26:25","slug":"prefeitura-municipal-de-descoberto-extrato-cont-no078-25-11-2022","status":"publish","type":"post","link":"https:\/\/diarioregionaldigital.com.br\/?p=207016","title":{"rendered":"Prefeitura Municipal de Descoberto &#8211; Extrato Cont. n\u00ba078 &#8211; 25\/11\/2022"},"content":{"rendered":"<p style=\"text-align: center;\"><strong>EXTRATO DE CONTRATO<\/strong><\/p>\n<p style=\"text-align: center;\">Pref. Municipal de Descoberto x Margarete de F\u00e1tima Saar Rabelo &#8211; Objeto: Fornecimento de g\u00eaneros aliment\u00edcios da Agricultura Familiar para alimenta\u00e7\u00e3o escolar- Fundamento: Chamada P\u00fablica 002\/2022 \u2013 Valor Global: 6.029,12 \u2013 Vig\u00eancia:\u00a0 08 meses \u2013 Dot or\u00e7: 02.02004.12.306.0003.262-339030\/144 &#8211; Ass: 21\/11\/2022- Foro: S\u00e3o Jo\u00e3o Nepomuceno\/MG.<\/p>\n<p style=\"text-align: center;\"><strong>Marcos de Ara\u00fajo Lima<\/strong><\/p>\n<p style=\"text-align: center;\"><strong>Prefeito Municipal<\/strong><\/p>\n","protected":false},"excerpt":{"rendered":"<p>EXTRATO DE CONTRATO Pref. Municipal de Descoberto x Margarete de F\u00e1tima Saar Rabelo &#8211; Objeto: Fornecimento de g\u00eaneros aliment\u00edcios da Agricultura Familiar para alimenta\u00e7\u00e3o escolar- Fundamento: Chamada P\u00fablica 002\/2022 \u2013 Valor Global: 6.029,12 \u2013 Vig\u00eancia:\u00a0 08 meses \u2013 Dot or\u00e7: 02.02004.12.306.0003.262-339030\/144 &#8211; Ass: 21\/11\/2022- Foro: S\u00e3o Jo\u00e3o Nepomuceno\/MG. Marcos de Ara\u00fajo Lima Prefeito Municipal<\/p>\n","protected":false},"author":96,"featured_media":0,"comment_status":"closed","ping_status":"closed","sticky":false,"template":"","format":"standard","meta":{"footnotes":""},"categories":[307],"tags":[],"class_list":["post-207016","post","type-post","status-publish","format-standard","hentry","category-editais"],"_links":{"self":[{"href":"https:\/\/diarioregionaldigital.com.br\/index.php?rest_route=\/wp\/v2\/posts\/207016","targetHints":{"allow":["GET"]}}],"collection":[{"href":"https:\/\/diarioregionaldigital.com.br\/index.php?rest_route=\/wp\/v2\/posts"}],"about":[{"href":"https:\/\/diarioregionaldigital.com.br\/index.php?rest_route=\/wp\/v2\/types\/post"}],"author":[{"embeddable":true,"href":"https:\/\/diarioregionaldigital.com.br\/index.php?rest_route=\/wp\/v2\/users\/96"}],"replies":[{"embeddable":true,"href":"https:\/\/diarioregionaldigital.com.br\/index.php?rest_route=%2Fwp%2Fv2%2Fcomments&post=207016"}],"version-history":[{"count":1,"href":"https:\/\/diarioregionaldigital.com.br\/index.php?rest_route=\/wp\/v2\/posts\/207016\/revisions"}],"predecessor-version":[{"id":207017,"href":"https:\/\/diarioregionaldigital.com.br\/index.php?rest_route=\/wp\/v2\/posts\/207016\/revisions\/207017"}],"wp:attachment":[{"href":"https:\/\/diarioregionaldigital.com.br\/index.php?rest_route=%2Fwp%2Fv2%2Fmedia&parent=207016"}],"wp:term":[{"taxonomy":"category","embeddable":true,"href":"https:\/\/diarioregionaldigital.com.br\/index.php?rest_route=%2Fwp%2Fv2%2Fcategories&post=207016"},{"taxonomy":"post_tag","embeddable":true,"href":"https:\/\/diarioregionaldigital.com.br\/index.php?rest_route=%2Fwp%2Fv2%2Ftags&post=207016"}],"curies":[{"name":"wp","href":"https:\/\/api.w.org\/{rel}","templated":true}]}}