{"id":207003,"date":"2022-11-24T15:20:28","date_gmt":"2022-11-24T18:20:28","guid":{"rendered":"https:\/\/diarioregionaldigital.com.br\/?p=207003"},"modified":"2022-11-24T15:20:28","modified_gmt":"2022-11-24T18:20:28","slug":"pjf-realiza-cinco-quilometros-de-patrolamento-no-morro-do-sabao","status":"publish","type":"post","link":"https:\/\/diarioregionaldigital.com.br\/?p=207003","title":{"rendered":"PJF realiza cinco quil\u00f4metros de patrolamento no Morro do Sab\u00e3o"},"content":{"rendered":"<p>Segundo informa\u00e7\u00f5es do site da Prefeitura de Juiz de Fora, a\u00a0Prefeitura de Juiz de Fora (PJF) realizou quase 5 quil\u00f4metros de patrolamento no bairro Morro do Sab\u00e3o, fazendo lan\u00e7amento de material e compacta\u00e7\u00e3o, tornando as vias mais acess\u00edveis aos moradores e transeuntes da regi\u00e3o. Al\u00e9m dos servi\u00e7os de compacta\u00e7\u00e3o, a Avenida Raymundo Hargreaves tamb\u00e9m recebeu coloca\u00e7\u00e3o de manilhas de \u00e1guas pluviais em pontos cr\u00edticos e constru\u00e7\u00e3o de bocas de lobo.<\/p>\n<p>Foram realizados, tamb\u00e9m, 120 metros de tapa-buracos e drenagem em v\u00e1rios pontos da via. A presidente da Associa\u00e7\u00e3o de Moradores do Morro do Sab\u00e3o, F\u00e1tima Aparecida Macedo, relata que o servi\u00e7o realizado ir\u00e1 impactar na circula\u00e7\u00e3o de ve\u00edculos na via, melhorando o transporte p\u00fablico, a coleta seletiva de lixo e at\u00e9 entregas por delivery. \u201cMuitas vezes, os entregadores perguntavam se a estrada estava boa. Quando n\u00e3o estava, n\u00e3o subiam no bairro. S\u00f3 temos que agradecer a Prefeitura pela aten\u00e7\u00e3o\u201d, afirma.<\/p>\n<p>A demanda foi atendida pela PJF atrav\u00e9s da Coordenadoria Rural da Secretaria de Governo (SG). A iniciativa foi criada em fevereiro de 2022 e j\u00e1 promoveu cerca de 2 mil a\u00e7\u00f5es de zeladoria na Zona Rural. Os moradores da zona rural podem entrar em contato para fazer solicita\u00e7\u00f5es atrav\u00e9s do telefone 3690-8138<\/p>\n","protected":false},"excerpt":{"rendered":"<p>Segundo informa\u00e7\u00f5es do site da Prefeitura de Juiz de Fora, a\u00a0Prefeitura de Juiz de Fora (PJF) realizou quase 5 quil\u00f4metros de patrolamento no bairro Morro do Sab\u00e3o, fazendo lan\u00e7amento de material e compacta\u00e7\u00e3o, tornando as vias mais acess\u00edveis aos moradores e transeuntes da regi\u00e3o. Al\u00e9m dos servi\u00e7os de compacta\u00e7\u00e3o, a Avenida Raymundo Hargreaves tamb\u00e9m recebeu [&hellip;]<\/p>\n","protected":false},"author":246,"featured_media":207004,"comment_status":"closed","ping_status":"closed","sticky":false,"template":"","format":"standard","meta":{"footnotes":""},"categories":[253,436,439],"tags":[],"class_list":["post-207003","post","type-post","status-publish","format-standard","has-post-thumbnail","hentry","category-cidade","category-destaque-da-semana","category-ultima-hora"],"_links":{"self":[{"href":"https:\/\/diarioregionaldigital.com.br\/index.php?rest_route=\/wp\/v2\/posts\/207003","targetHints":{"allow":["GET"]}}],"collection":[{"href":"https:\/\/diarioregionaldigital.com.br\/index.php?rest_route=\/wp\/v2\/posts"}],"about":[{"href":"https:\/\/diarioregionaldigital.com.br\/index.php?rest_route=\/wp\/v2\/types\/post"}],"author":[{"embeddable":true,"href":"https:\/\/diarioregionaldigital.com.br\/index.php?rest_route=\/wp\/v2\/users\/246"}],"replies":[{"embeddable":true,"href":"https:\/\/diarioregionaldigital.com.br\/index.php?rest_route=%2Fwp%2Fv2%2Fcomments&post=207003"}],"version-history":[{"count":1,"href":"https:\/\/diarioregionaldigital.com.br\/index.php?rest_route=\/wp\/v2\/posts\/207003\/revisions"}],"predecessor-version":[{"id":207005,"href":"https:\/\/diarioregionaldigital.com.br\/index.php?rest_route=\/wp\/v2\/posts\/207003\/revisions\/207005"}],"wp:featuredmedia":[{"embeddable":true,"href":"https:\/\/diarioregionaldigital.com.br\/index.php?rest_route=\/wp\/v2\/media\/207004"}],"wp:attachment":[{"href":"https:\/\/diarioregionaldigital.com.br\/index.php?rest_route=%2Fwp%2Fv2%2Fmedia&parent=207003"}],"wp:term":[{"taxonomy":"category","embeddable":true,"href":"https:\/\/diarioregionaldigital.com.br\/index.php?rest_route=%2Fwp%2Fv2%2Fcategories&post=207003"},{"taxonomy":"post_tag","embeddable":true,"href":"https:\/\/diarioregionaldigital.com.br\/index.php?rest_route=%2Fwp%2Fv2%2Ftags&post=207003"}],"curies":[{"name":"wp","href":"https:\/\/api.w.org\/{rel}","templated":true}]}}